{"id":155,"date":"2018-07-12T18:19:18","date_gmt":"2018-07-12T15:19:18","guid":{"rendered":"https:\/\/vivamedya.com\/radyo\/?p=155"},"modified":"2026-04-19T00:21:22","modified_gmt":"2026-04-18T21:21:22","slug":"magazaniz-icin-her-ay-yeni-telifsiz-sarkilar","status":"publish","type":"post","link":"https:\/\/vivamedya.com\/radyo\/magazaniz-icin-her-ay-yeni-telifsiz-sarkilar\/","title":{"rendered":"Ma\u011fazan\u0131z i\u00e7in her ay yeni telifsiz \u015fark\u0131lar"},"content":{"rendered":"\t\t<div data-elementor-type=\"wp-post\" data-elementor-id=\"155\" class=\"elementor elementor-155\">\n\t\t\t\t\t\t<section class=\"elementor-section elementor-top-section elementor-element elementor-element-37b1e66 elementor-section-boxed elementor-section-height-default elementor-section-height-default wpr-particle-no wpr-jarallax-no wpr-parallax-no wpr-sticky-section-no\" data-id=\"37b1e66\" data-element_type=\"section\" data-e-type=\"section\">\n\t\t\t\t\t\t<div class=\"elementor-container elementor-column-gap-default\">\n\t\t\t\t\t<div class=\"elementor-column elementor-col-100 elementor-top-column elementor-element elementor-element-5cf29928\" data-id=\"5cf29928\" data-element_type=\"column\" data-e-type=\"column\">\n\t\t\t<div class=\"elementor-widget-wrap elementor-element-populated\">\n\t\t\t\t\t\t<div class=\"elementor-element elementor-element-1b392268 elementor-widget elementor-widget-text-editor\" data-id=\"1b392268\" data-element_type=\"widget\" data-e-type=\"widget\" data-widget_type=\"text-editor.default\">\n\t\t\t\t<div class=\"elementor-widget-container\">\n\t\t\t\t\t\t\t\t\t<h1>Telifsiz \u015fark\u0131lar Viva Medya&#8217;da!<\/h1><p>Markan\u0131z ve ma\u011fazan\u0131z i\u00e7in do\u011fru<strong> kurumsal m\u00fczik yay\u0131n\u0131n\u0131<\/strong> tespit ettikten sonra bu yay\u0131n i\u00e7erisinde hangi tip m\u00fczik t\u00fcrlerinin yer alaca\u011f\u0131na siz karar verebilirsiniz. Talebiniz do\u011frultusunda ma\u011fazan\u0131z\u0131n konseptine en uygun m\u00fczik tarzlar\u0131 ile yay\u0131n ak\u0131\u015f\u0131n\u0131z\u0131 haz\u0131rlamak m\u00fcmk\u00fcn. Peki haz\u0131rlanan bu yay\u0131n ak\u0131\u015f\u0131 i\u00e7erisindeki \u015fark\u0131lar hep ayn\u0131 m\u0131 kalacak? Tabi ki hay\u0131r.<\/p><p>Her ay <strong>Viva Medya<\/strong> st\u00fcdyolar\u0131nda profesyonel prod\u00fckt\u00f6rler taraf\u0131ndan yepyeni \u015fark\u0131lar yap\u0131l\u0131yor bu \u015fark\u0131lar yay\u0131n ak\u0131\u015f\u0131\u015f\u0131n\u0131za ekleniyor. Bu sayede her zaman ayn\u0131 \u015fark\u0131lar\u0131n d\u00f6n\u00fcp durdu\u011fu bir radyo yay\u0131n\u0131ndan ziyade her ay yenilenen \u015fark\u0131larla dolu bir kurumsal m\u00fczik yay\u0131n\u0131na sahip oluyorsunuz.<strong> Viva medya m\u00fczik k\u00fct\u00fcphanesine<\/strong> ve sizin yay\u0131n ak\u0131\u015f\u0131n\u0131za eklenen yeni \u015fark\u0131lar y\u00fczde y\u00fcz yerli sermaye ile viva medya prod\u00fcks\u00fcyon ekibinin ellerinden \u00e7\u0131kmakta. Yay\u0131n ak\u0131\u015f\u0131n\u0131z\u0131 daha renkli hale getirmek i\u00e7in yap\u0131lan yeni \u015fark\u0131lar yay\u0131n ak\u0131\u015f\u0131n\u0131za eklendikten sonra sizlere mail yoluyla bilgi verilmekte.<\/p><p>Viva Medya tamamen kendi <strong>m\u00fczik ar\u015fivini kullanan bir \u015firkettir.<\/strong> Baz\u0131 kurumsal m\u00fczik yay\u0131n\u0131 yapan firmalar yurt d\u0131\u015f\u0131nda telifli m\u00fczik ar\u015fivi sa\u011flayan \u015firket ile anla\u015farak bu \u015firketin ar\u015fivini kullanmakta. Fakat bu durumda hem arac\u0131 \u015firketin kar etmesi hem de m\u00fczik ar\u015fivini sa\u011flayan \u015firketin kar etmesi g\u00f6z \u00f6n\u00fcnde tutularak bir fiyat belirlenmekte, haliyle fiyatlar daha y\u00fcksek olmaktad\u0131r. Biz Viva Medya ailesi olarak farkl\u0131 bir \u015firketin m\u00fczik ar\u015fivini kullanmak yerine, kendi m\u00fczik k\u00fct\u00fcphanemizi kullanarak sa\u011flay\u0131c\u0131 \u015firketi aradan \u00e7\u0131kartt\u0131k. Bu sayede fiyatlar\u0131m\u0131z\u0131 da daha alt s\u0131n\u0131rdan belirledik.<\/p><p>M\u00fczik k\u00fct\u00fcphanemiz i\u00e7erisinde yer alan \u015fark\u0131lar\u0131n %30luk k\u0131sm\u0131 <strong>telif bedelleri<\/strong> \u00f6denerek sat\u0131n al\u0131nm\u0131\u015f \u015fark\u0131lar olup %70\u2019lik k\u0131sm\u0131 da Viva Medya prod\u00fcksiyon ekibi taraf\u0131ndan yap\u0131lm\u0131\u015f ve <strong>t\u00fcm telif haklar\u0131 Viva Medya\u2019ya ait olan \u015fark\u0131lard\u0131r.<\/strong> M\u00fczik yapan bir prod\u00fcksiyon ekibimizin olmas\u0131n\u0131n en b\u00fcy\u00fck avantaj\u0131 da kurumsal m\u00fczik yay\u0131n\u0131n\u0131za her ay yeni \u015fark\u0131lar ekleyebilmemizdir. Her ay 5 ila 10 \u015fark\u0131 aras\u0131nda farkl\u0131 tarzlarda \u015fark\u0131lar yap\u0131yoruz ve \u015fark\u0131lar\u0131 yay\u0131n ak\u0131\u015f\u0131n\u0131za ekliyoruz. \u00a0Bu sayede hem siz hem de ma\u011fazan\u0131z\u0131 devaml\u0131 ziyaret eden daimi m\u00fc\u015fterileriniz yay\u0131n ak\u0131\u015f\u0131n\u0131zdaki farkl\u0131l\u0131klar\u0131 g\u00f6recek ve m\u00fczik yay\u0131n\u0131n\u0131z daha keyifli bir hale gelecektir.<\/p><p>Her ay Viva Medya st\u00fcdyolar\u0131ndan \u00e7\u0131kan \u015fark\u0131lar g\u00fcncel piyasa m\u00fcziklerinden ve tarzlar\u0131ndan esinlenerek yap\u0131lmakta. \u00d6rne\u011fin <strong>2018 yaz sezonunda ne tarz m\u00fczikler dinleniyor<\/strong>, radyolarda en \u00e7ok ra\u011fbet g\u00f6ren m\u00fczik tarzlar\u0131 hangileri \u00f6ncelikle bunlar\u0131n analizi yap\u0131ld\u0131ktan sonra belirlenen m\u00fczik tarz\u0131na uygun \u015fark\u0131lar yap\u0131l\u0131yor.<\/p><p>Siz de <strong>ma\u011fazan\u0131za uygun kurumsal radyo yay\u0131n\u0131n\u0131<\/strong> belirlemek i\u00e7in <a href=\"http:\/\/www.vivamedya.com\">vivamedya.com&#8217;u<\/a> ziyaret edip teklif alabilirsiniz. Firman\u0131za ve markan\u0131za en uygun teklifi vererek sizin i\u00e7in en uygun radyo yay\u0131n ak\u0131\u015f\u0131n\u0131z\u0131 belirleyebiliriz.<\/p>\t\t\t\t\t\t\t\t<\/div>\n\t\t\t\t<\/div>\n\t\t\t\t\t<\/div>\n\t\t<\/div>\n\t\t\t\t\t<\/div>\n\t\t<\/section>\n\t\t\t\t<\/div>\n\t\t","protected":false},"excerpt":{"rendered":"<p>Telifsiz \u015fark\u0131lar Viva Medya&#8217;da! Markan\u0131z ve ma\u011fazan\u0131z i\u00e7in do\u011fru kurumsal m\u00fczik yay\u0131n\u0131n\u0131 tespit ettikten sonra bu yay\u0131n i\u00e7erisinde hangi tip m\u00fczik t\u00fcrlerinin yer alaca\u011f\u0131na siz karar verebilirsiniz. Talebiniz do\u011frultusunda ma\u011fazan\u0131z\u0131n konseptine en uygun m\u00fczik tarzlar\u0131 ile yay\u0131n ak\u0131\u015f\u0131n\u0131z\u0131 haz\u0131rlamak m\u00fcmk\u00fcn. Peki haz\u0131rlanan bu yay\u0131n ak\u0131\u015f\u0131 i\u00e7erisindeki \u015fark\u0131lar hep ayn\u0131 m\u0131 kalacak? Tabi ki hay\u0131r. Her ay Viva Medya st\u00fcdyolar\u0131nda profesyonel prod\u00fckt\u00f6rler taraf\u0131ndan yepyeni \u015fark\u0131lar yap\u0131l\u0131yor bu \u015fark\u0131lar yay\u0131n ak\u0131\u015f\u0131\u015f\u0131n\u0131za ekleniyor. Bu sayede her zaman ayn\u0131 \u015fark\u0131lar\u0131n d\u00f6n\u00fcp durdu\u011fu bir radyo yay\u0131n\u0131ndan ziyade her ay yenilenen \u015fark\u0131larla dolu bir kurumsal m\u00fczik yay\u0131n\u0131na sahip oluyorsunuz. Viva medya m\u00fczik k\u00fct\u00fcphanesine ve sizin yay\u0131n ak\u0131\u015f\u0131n\u0131za eklenen yeni \u015fark\u0131lar y\u00fczde y\u00fcz yerli sermaye ile viva medya prod\u00fcks\u00fcyon ekibinin ellerinden \u00e7\u0131kmakta. Yay\u0131n ak\u0131\u015f\u0131n\u0131z\u0131 daha renkli hale getirmek i\u00e7in yap\u0131lan yeni \u015fark\u0131lar yay\u0131n ak\u0131\u015f\u0131n\u0131za eklendikten sonra sizlere mail yoluyla bilgi verilmekte. Viva Medya tamamen kendi m\u00fczik ar\u015fivini kullanan bir \u015firkettir. Baz\u0131 kurumsal m\u00fczik yay\u0131n\u0131 yapan firmalar yurt d\u0131\u015f\u0131nda telifli m\u00fczik ar\u015fivi sa\u011flayan \u015firket ile anla\u015farak bu \u015firketin ar\u015fivini kullanmakta. Fakat bu durumda hem arac\u0131 \u015firketin kar etmesi hem de m\u00fczik ar\u015fivini sa\u011flayan \u015firketin kar etmesi g\u00f6z \u00f6n\u00fcnde tutularak bir fiyat belirlenmekte, haliyle fiyatlar daha y\u00fcksek olmaktad\u0131r. Biz Viva Medya ailesi olarak farkl\u0131 bir \u015firketin m\u00fczik ar\u015fivini kullanmak yerine, kendi m\u00fczik k\u00fct\u00fcphanemizi kullanarak sa\u011flay\u0131c\u0131 \u015firketi aradan \u00e7\u0131kartt\u0131k. Bu sayede fiyatlar\u0131m\u0131z\u0131 da daha alt s\u0131n\u0131rdan belirledik. M\u00fczik k\u00fct\u00fcphanemiz i\u00e7erisinde yer alan \u015fark\u0131lar\u0131n %30luk k\u0131sm\u0131 telif bedelleri \u00f6denerek sat\u0131n al\u0131nm\u0131\u015f \u015fark\u0131lar olup %70\u2019lik k\u0131sm\u0131 da Viva Medya prod\u00fcksiyon ekibi taraf\u0131ndan yap\u0131lm\u0131\u015f ve t\u00fcm telif haklar\u0131 Viva Medya\u2019ya ait olan \u015fark\u0131lard\u0131r. M\u00fczik yapan bir prod\u00fcksiyon ekibimizin olmas\u0131n\u0131n en b\u00fcy\u00fck avantaj\u0131 da kurumsal m\u00fczik yay\u0131n\u0131n\u0131za her ay yeni \u015fark\u0131lar ekleyebilmemizdir. Her ay 5 ila 10 \u015fark\u0131 aras\u0131nda farkl\u0131 tarzlarda \u015fark\u0131lar yap\u0131yoruz ve \u015fark\u0131lar\u0131 yay\u0131n ak\u0131\u015f\u0131n\u0131za ekliyoruz. \u00a0Bu sayede hem siz hem de ma\u011fazan\u0131z\u0131 devaml\u0131 ziyaret eden daimi m\u00fc\u015fterileriniz yay\u0131n ak\u0131\u015f\u0131n\u0131zdaki farkl\u0131l\u0131klar\u0131 g\u00f6recek ve m\u00fczik yay\u0131n\u0131n\u0131z daha keyifli bir hale gelecektir. Her ay Viva Medya st\u00fcdyolar\u0131ndan \u00e7\u0131kan \u015fark\u0131lar g\u00fcncel piyasa m\u00fcziklerinden ve tarzlar\u0131ndan esinlenerek yap\u0131lmakta. \u00d6rne\u011fin 2018 yaz sezonunda ne tarz m\u00fczikler dinleniyor, radyolarda en \u00e7ok ra\u011fbet g\u00f6ren m\u00fczik tarzlar\u0131 hangileri \u00f6ncelikle bunlar\u0131n analizi yap\u0131ld\u0131ktan sonra belirlenen m\u00fczik tarz\u0131na uygun \u015fark\u0131lar yap\u0131l\u0131yor. Siz de ma\u011fazan\u0131za uygun kurumsal radyo yay\u0131n\u0131n\u0131 belirlemek i\u00e7in vivamedya.com&#8217;u ziyaret edip teklif alabilirsiniz. Firman\u0131za ve markan\u0131za en uygun teklifi vererek sizin i\u00e7in en uygun radyo yay\u0131n ak\u0131\u015f\u0131n\u0131z\u0131 belirleyebiliriz.<\/p>\n","protected":false},"author":1,"featured_media":87,"comment_status":"closed","ping_status":"open","sticky":false,"template":"","format":"standard","meta":{"h5ap_radio_sources":[],"footnotes":""},"categories":[1],"tags":[],"class_list":["post-155","post","type-post","status-publish","format-standard","has-post-thumbnail","hentry","category-viva-medya"],"yoast_head":"<!-- This site is optimized with the Yoast SEO plugin v26.9 - https:\/\/yoast.com\/product\/yoast-seo-wordpress\/ -->\n<title>Ma\u011fazan\u0131z i\u00e7in her ay yeni telifsiz \u015fark\u0131lar - V\u0130VA MEDYA<\/title>\n<meta name=\"robots\" content=\"index, follow, max-snippet:-1, max-image-preview:large, max-video-preview:-1\" \/>\n<link rel=\"canonical\" href=\"https:\/\/vivamedya.com\/radyo\/magazaniz-icin-her-ay-yeni-telifsiz-sarkilar\/\" \/>\n<meta property=\"og:locale\" content=\"tr_TR\" \/>\n<meta property=\"og:type\" content=\"article\" \/>\n<meta property=\"og:title\" content=\"Ma\u011fazan\u0131z i\u00e7in her ay yeni telifsiz \u015fark\u0131lar - V\u0130VA MEDYA\" \/>\n<meta property=\"og:description\" content=\"Telifsiz \u015fark\u0131lar Viva Medya&#8217;da! Markan\u0131z ve ma\u011fazan\u0131z i\u00e7in do\u011fru kurumsal m\u00fczik yay\u0131n\u0131n\u0131 tespit ettikten sonra bu yay\u0131n i\u00e7erisinde hangi tip m\u00fczik t\u00fcrlerinin yer alaca\u011f\u0131na siz karar verebilirsiniz. Talebiniz do\u011frultusunda ma\u011fazan\u0131z\u0131n konseptine en uygun m\u00fczik tarzlar\u0131 ile yay\u0131n ak\u0131\u015f\u0131n\u0131z\u0131 haz\u0131rlamak m\u00fcmk\u00fcn. Peki haz\u0131rlanan bu yay\u0131n ak\u0131\u015f\u0131 i\u00e7erisindeki \u015fark\u0131lar hep ayn\u0131 m\u0131 kalacak? Tabi ki hay\u0131r. Her ay Viva Medya st\u00fcdyolar\u0131nda profesyonel prod\u00fckt\u00f6rler taraf\u0131ndan yepyeni \u015fark\u0131lar yap\u0131l\u0131yor bu \u015fark\u0131lar yay\u0131n ak\u0131\u015f\u0131\u015f\u0131n\u0131za ekleniyor. Bu sayede her zaman ayn\u0131 \u015fark\u0131lar\u0131n d\u00f6n\u00fcp durdu\u011fu bir radyo yay\u0131n\u0131ndan ziyade her ay yenilenen \u015fark\u0131larla dolu bir kurumsal m\u00fczik yay\u0131n\u0131na sahip oluyorsunuz. Viva medya m\u00fczik k\u00fct\u00fcphanesine ve sizin yay\u0131n ak\u0131\u015f\u0131n\u0131za eklenen yeni \u015fark\u0131lar y\u00fczde y\u00fcz yerli sermaye ile viva medya prod\u00fcks\u00fcyon ekibinin ellerinden \u00e7\u0131kmakta. Yay\u0131n ak\u0131\u015f\u0131n\u0131z\u0131 daha renkli hale getirmek i\u00e7in yap\u0131lan yeni \u015fark\u0131lar yay\u0131n ak\u0131\u015f\u0131n\u0131za eklendikten sonra sizlere mail yoluyla bilgi verilmekte. Viva Medya tamamen kendi m\u00fczik ar\u015fivini kullanan bir \u015firkettir. Baz\u0131 kurumsal m\u00fczik yay\u0131n\u0131 yapan firmalar yurt d\u0131\u015f\u0131nda telifli m\u00fczik ar\u015fivi sa\u011flayan \u015firket ile anla\u015farak bu \u015firketin ar\u015fivini kullanmakta. Fakat bu durumda hem arac\u0131 \u015firketin kar etmesi hem de m\u00fczik ar\u015fivini sa\u011flayan \u015firketin kar etmesi g\u00f6z \u00f6n\u00fcnde tutularak bir fiyat belirlenmekte, haliyle fiyatlar daha y\u00fcksek olmaktad\u0131r. Biz Viva Medya ailesi olarak farkl\u0131 bir \u015firketin m\u00fczik ar\u015fivini kullanmak yerine, kendi m\u00fczik k\u00fct\u00fcphanemizi kullanarak sa\u011flay\u0131c\u0131 \u015firketi aradan \u00e7\u0131kartt\u0131k. Bu sayede fiyatlar\u0131m\u0131z\u0131 da daha alt s\u0131n\u0131rdan belirledik. M\u00fczik k\u00fct\u00fcphanemiz i\u00e7erisinde yer alan \u015fark\u0131lar\u0131n %30luk k\u0131sm\u0131 telif bedelleri \u00f6denerek sat\u0131n al\u0131nm\u0131\u015f \u015fark\u0131lar olup %70\u2019lik k\u0131sm\u0131 da Viva Medya prod\u00fcksiyon ekibi taraf\u0131ndan yap\u0131lm\u0131\u015f ve t\u00fcm telif haklar\u0131 Viva Medya\u2019ya ait olan \u015fark\u0131lard\u0131r. M\u00fczik yapan bir prod\u00fcksiyon ekibimizin olmas\u0131n\u0131n en b\u00fcy\u00fck avantaj\u0131 da kurumsal m\u00fczik yay\u0131n\u0131n\u0131za her ay yeni \u015fark\u0131lar ekleyebilmemizdir. Her ay 5 ila 10 \u015fark\u0131 aras\u0131nda farkl\u0131 tarzlarda \u015fark\u0131lar yap\u0131yoruz ve \u015fark\u0131lar\u0131 yay\u0131n ak\u0131\u015f\u0131n\u0131za ekliyoruz. \u00a0Bu sayede hem siz hem de ma\u011fazan\u0131z\u0131 devaml\u0131 ziyaret eden daimi m\u00fc\u015fterileriniz yay\u0131n ak\u0131\u015f\u0131n\u0131zdaki farkl\u0131l\u0131klar\u0131 g\u00f6recek ve m\u00fczik yay\u0131n\u0131n\u0131z daha keyifli bir hale gelecektir. Her ay Viva Medya st\u00fcdyolar\u0131ndan \u00e7\u0131kan \u015fark\u0131lar g\u00fcncel piyasa m\u00fcziklerinden ve tarzlar\u0131ndan esinlenerek yap\u0131lmakta. \u00d6rne\u011fin 2018 yaz sezonunda ne tarz m\u00fczikler dinleniyor, radyolarda en \u00e7ok ra\u011fbet g\u00f6ren m\u00fczik tarzlar\u0131 hangileri \u00f6ncelikle bunlar\u0131n analizi yap\u0131ld\u0131ktan sonra belirlenen m\u00fczik tarz\u0131na uygun \u015fark\u0131lar yap\u0131l\u0131yor. Siz de ma\u011fazan\u0131za uygun kurumsal radyo yay\u0131n\u0131n\u0131 belirlemek i\u00e7in vivamedya.com&#8217;u ziyaret edip teklif alabilirsiniz. Firman\u0131za ve markan\u0131za en uygun teklifi vererek sizin i\u00e7in en uygun radyo yay\u0131n ak\u0131\u015f\u0131n\u0131z\u0131 belirleyebiliriz.\" \/>\n<meta property=\"og:url\" content=\"https:\/\/vivamedya.com\/radyo\/magazaniz-icin-her-ay-yeni-telifsiz-sarkilar\/\" \/>\n<meta property=\"og:site_name\" content=\"V\u0130VA MEDYA\" \/>\n<meta property=\"article:publisher\" content=\"https:\/\/www.facebook.com\/vivamedya\/\" \/>\n<meta property=\"article:published_time\" content=\"2018-07-12T15:19:18+00:00\" \/>\n<meta property=\"article:modified_time\" content=\"2026-04-18T21:21:22+00:00\" \/>\n<meta property=\"og:image\" content=\"https:\/\/vivamedya.com\/radyo\/wp-content\/uploads\/2018\/03\/208053-OZK13I-1.jpg\" \/>\n\t<meta property=\"og:image:width\" content=\"1300\" \/>\n\t<meta property=\"og:image:height\" content=\"867\" \/>\n\t<meta property=\"og:image:type\" content=\"image\/jpeg\" \/>\n<meta name=\"author\" content=\"vivamedya\" \/>\n<meta name=\"twitter:card\" content=\"summary_large_image\" \/>\n<meta name=\"twitter:label1\" content=\"Yazan:\" \/>\n\t<meta name=\"twitter:data1\" content=\"vivamedya\" \/>\n\t<meta name=\"twitter:label2\" content=\"Tahmini okuma s\u00fcresi\" \/>\n\t<meta name=\"twitter:data2\" content=\"3 dakika\" \/>\n<script type=\"application\/ld+json\" class=\"yoast-schema-graph\">{\"@context\":\"https:\/\/schema.org\",\"@graph\":[{\"@type\":\"Article\",\"@id\":\"https:\/\/vivamedya.com\/radyo\/magazaniz-icin-her-ay-yeni-telifsiz-sarkilar\/#article\",\"isPartOf\":{\"@id\":\"https:\/\/vivamedya.com\/radyo\/magazaniz-icin-her-ay-yeni-telifsiz-sarkilar\/\"},\"author\":{\"name\":\"vivamedya\",\"@id\":\"https:\/\/vivamedya.com\/radyo\/#\/schema\/person\/5ced6796171ba52ed46f6c466d197def\"},\"headline\":\"Ma\u011fazan\u0131z i\u00e7in her ay yeni telifsiz \u015fark\u0131lar\",\"datePublished\":\"2018-07-12T15:19:18+00:00\",\"dateModified\":\"2026-04-18T21:21:22+00:00\",\"mainEntityOfPage\":{\"@id\":\"https:\/\/vivamedya.com\/radyo\/magazaniz-icin-her-ay-yeni-telifsiz-sarkilar\/\"},\"wordCount\":571,\"publisher\":{\"@id\":\"https:\/\/vivamedya.com\/radyo\/#organization\"},\"image\":{\"@id\":\"https:\/\/vivamedya.com\/radyo\/magazaniz-icin-her-ay-yeni-telifsiz-sarkilar\/#primaryimage\"},\"thumbnailUrl\":\"https:\/\/vivamedya.com\/radyo\/wp-content\/uploads\/2018\/03\/208053-OZK13I-1.jpg\",\"articleSection\":[\"V\u0130VA MEDYA\"],\"inLanguage\":\"tr\"},{\"@type\":\"WebPage\",\"@id\":\"https:\/\/vivamedya.com\/radyo\/magazaniz-icin-her-ay-yeni-telifsiz-sarkilar\/\",\"url\":\"https:\/\/vivamedya.com\/radyo\/magazaniz-icin-her-ay-yeni-telifsiz-sarkilar\/\",\"name\":\"Ma\u011fazan\u0131z i\u00e7in her ay yeni telifsiz \u015fark\u0131lar - V\u0130VA MEDYA\",\"isPartOf\":{\"@id\":\"https:\/\/vivamedya.com\/radyo\/#website\"},\"primaryImageOfPage\":{\"@id\":\"https:\/\/vivamedya.com\/radyo\/magazaniz-icin-her-ay-yeni-telifsiz-sarkilar\/#primaryimage\"},\"image\":{\"@id\":\"https:\/\/vivamedya.com\/radyo\/magazaniz-icin-her-ay-yeni-telifsiz-sarkilar\/#primaryimage\"},\"thumbnailUrl\":\"https:\/\/vivamedya.com\/radyo\/wp-content\/uploads\/2018\/03\/208053-OZK13I-1.jpg\",\"datePublished\":\"2018-07-12T15:19:18+00:00\",\"dateModified\":\"2026-04-18T21:21:22+00:00\",\"breadcrumb\":{\"@id\":\"https:\/\/vivamedya.com\/radyo\/magazaniz-icin-her-ay-yeni-telifsiz-sarkilar\/#breadcrumb\"},\"inLanguage\":\"tr\",\"potentialAction\":[{\"@type\":\"ReadAction\",\"target\":[\"https:\/\/vivamedya.com\/radyo\/magazaniz-icin-her-ay-yeni-telifsiz-sarkilar\/\"]}]},{\"@type\":\"ImageObject\",\"inLanguage\":\"tr\",\"@id\":\"https:\/\/vivamedya.com\/radyo\/magazaniz-icin-her-ay-yeni-telifsiz-sarkilar\/#primaryimage\",\"url\":\"https:\/\/vivamedya.com\/radyo\/wp-content\/uploads\/2018\/03\/208053-OZK13I-1.jpg\",\"contentUrl\":\"https:\/\/vivamedya.com\/radyo\/wp-content\/uploads\/2018\/03\/208053-OZK13I-1.jpg\",\"width\":1300,\"height\":867},{\"@type\":\"BreadcrumbList\",\"@id\":\"https:\/\/vivamedya.com\/radyo\/magazaniz-icin-her-ay-yeni-telifsiz-sarkilar\/#breadcrumb\",\"itemListElement\":[{\"@type\":\"ListItem\",\"position\":1,\"name\":\"Anasayfa\",\"item\":\"https:\/\/vivamedya.com\/radyo\/\"},{\"@type\":\"ListItem\",\"position\":2,\"name\":\"Ma\u011fazan\u0131z i\u00e7in her ay yeni telifsiz \u015fark\u0131lar\"}]},{\"@type\":\"WebSite\",\"@id\":\"https:\/\/vivamedya.com\/radyo\/#website\",\"url\":\"https:\/\/vivamedya.com\/radyo\/\",\"name\":\"V\u0130VA MEDYA - Corporate Radio | Store Radio | Store Music\",\"description\":\"Corporate Radio | Store Radio | Store Music\",\"publisher\":{\"@id\":\"https:\/\/vivamedya.com\/radyo\/#organization\"},\"potentialAction\":[{\"@type\":\"SearchAction\",\"target\":{\"@type\":\"EntryPoint\",\"urlTemplate\":\"https:\/\/vivamedya.com\/radyo\/?s={search_term_string}\"},\"query-input\":{\"@type\":\"PropertyValueSpecification\",\"valueRequired\":true,\"valueName\":\"search_term_string\"}}],\"inLanguage\":\"tr\"},{\"@type\":\"Organization\",\"@id\":\"https:\/\/vivamedya.com\/radyo\/#organization\",\"name\":\"V\u0130VA MEDYA - Kurumsal Radyo Yay\u0131n Hizmeti\",\"url\":\"https:\/\/vivamedya.com\/radyo\/\",\"logo\":{\"@type\":\"ImageObject\",\"inLanguage\":\"tr\",\"@id\":\"https:\/\/vivamedya.com\/radyo\/#\/schema\/logo\/image\/\",\"url\":\"https:\/\/vivamedya.com\/radyo\/wp-content\/uploads\/2020\/11\/viva-medya-logo.png\",\"contentUrl\":\"https:\/\/vivamedya.com\/radyo\/wp-content\/uploads\/2020\/11\/viva-medya-logo.png\",\"width\":301,\"height\":64,\"caption\":\"V\u0130VA MEDYA - Kurumsal Radyo Yay\u0131n Hizmeti\"},\"image\":{\"@id\":\"https:\/\/vivamedya.com\/radyo\/#\/schema\/logo\/image\/\"},\"sameAs\":[\"https:\/\/www.facebook.com\/vivamedya\/\",\"https:\/\/www.instagram.com\/viva_medya\/\"]},{\"@type\":\"Person\",\"@id\":\"https:\/\/vivamedya.com\/radyo\/#\/schema\/person\/5ced6796171ba52ed46f6c466d197def\",\"name\":\"vivamedya\"}]}<\/script>\n<!-- \/ Yoast SEO plugin. -->","yoast_head_json":{"title":"Ma\u011fazan\u0131z i\u00e7in her ay yeni telifsiz \u015fark\u0131lar - V\u0130VA MEDYA","robots":{"index":"index","follow":"follow","max-snippet":"max-snippet:-1","max-image-preview":"max-image-preview:large","max-video-preview":"max-video-preview:-1"},"canonical":"https:\/\/vivamedya.com\/radyo\/magazaniz-icin-her-ay-yeni-telifsiz-sarkilar\/","og_locale":"tr_TR","og_type":"article","og_title":"Ma\u011fazan\u0131z i\u00e7in her ay yeni telifsiz \u015fark\u0131lar - V\u0130VA MEDYA","og_description":"Telifsiz \u015fark\u0131lar Viva Medya&#8217;da! Markan\u0131z ve ma\u011fazan\u0131z i\u00e7in do\u011fru kurumsal m\u00fczik yay\u0131n\u0131n\u0131 tespit ettikten sonra bu yay\u0131n i\u00e7erisinde hangi tip m\u00fczik t\u00fcrlerinin yer alaca\u011f\u0131na siz karar verebilirsiniz. Talebiniz do\u011frultusunda ma\u011fazan\u0131z\u0131n konseptine en uygun m\u00fczik tarzlar\u0131 ile yay\u0131n ak\u0131\u015f\u0131n\u0131z\u0131 haz\u0131rlamak m\u00fcmk\u00fcn. Peki haz\u0131rlanan bu yay\u0131n ak\u0131\u015f\u0131 i\u00e7erisindeki \u015fark\u0131lar hep ayn\u0131 m\u0131 kalacak? Tabi ki hay\u0131r. Her ay Viva Medya st\u00fcdyolar\u0131nda profesyonel prod\u00fckt\u00f6rler taraf\u0131ndan yepyeni \u015fark\u0131lar yap\u0131l\u0131yor bu \u015fark\u0131lar yay\u0131n ak\u0131\u015f\u0131\u015f\u0131n\u0131za ekleniyor. Bu sayede her zaman ayn\u0131 \u015fark\u0131lar\u0131n d\u00f6n\u00fcp durdu\u011fu bir radyo yay\u0131n\u0131ndan ziyade her ay yenilenen \u015fark\u0131larla dolu bir kurumsal m\u00fczik yay\u0131n\u0131na sahip oluyorsunuz. Viva medya m\u00fczik k\u00fct\u00fcphanesine ve sizin yay\u0131n ak\u0131\u015f\u0131n\u0131za eklenen yeni \u015fark\u0131lar y\u00fczde y\u00fcz yerli sermaye ile viva medya prod\u00fcks\u00fcyon ekibinin ellerinden \u00e7\u0131kmakta. Yay\u0131n ak\u0131\u015f\u0131n\u0131z\u0131 daha renkli hale getirmek i\u00e7in yap\u0131lan yeni \u015fark\u0131lar yay\u0131n ak\u0131\u015f\u0131n\u0131za eklendikten sonra sizlere mail yoluyla bilgi verilmekte. Viva Medya tamamen kendi m\u00fczik ar\u015fivini kullanan bir \u015firkettir. Baz\u0131 kurumsal m\u00fczik yay\u0131n\u0131 yapan firmalar yurt d\u0131\u015f\u0131nda telifli m\u00fczik ar\u015fivi sa\u011flayan \u015firket ile anla\u015farak bu \u015firketin ar\u015fivini kullanmakta. Fakat bu durumda hem arac\u0131 \u015firketin kar etmesi hem de m\u00fczik ar\u015fivini sa\u011flayan \u015firketin kar etmesi g\u00f6z \u00f6n\u00fcnde tutularak bir fiyat belirlenmekte, haliyle fiyatlar daha y\u00fcksek olmaktad\u0131r. Biz Viva Medya ailesi olarak farkl\u0131 bir \u015firketin m\u00fczik ar\u015fivini kullanmak yerine, kendi m\u00fczik k\u00fct\u00fcphanemizi kullanarak sa\u011flay\u0131c\u0131 \u015firketi aradan \u00e7\u0131kartt\u0131k. Bu sayede fiyatlar\u0131m\u0131z\u0131 da daha alt s\u0131n\u0131rdan belirledik. M\u00fczik k\u00fct\u00fcphanemiz i\u00e7erisinde yer alan \u015fark\u0131lar\u0131n %30luk k\u0131sm\u0131 telif bedelleri \u00f6denerek sat\u0131n al\u0131nm\u0131\u015f \u015fark\u0131lar olup %70\u2019lik k\u0131sm\u0131 da Viva Medya prod\u00fcksiyon ekibi taraf\u0131ndan yap\u0131lm\u0131\u015f ve t\u00fcm telif haklar\u0131 Viva Medya\u2019ya ait olan \u015fark\u0131lard\u0131r. M\u00fczik yapan bir prod\u00fcksiyon ekibimizin olmas\u0131n\u0131n en b\u00fcy\u00fck avantaj\u0131 da kurumsal m\u00fczik yay\u0131n\u0131n\u0131za her ay yeni \u015fark\u0131lar ekleyebilmemizdir. Her ay 5 ila 10 \u015fark\u0131 aras\u0131nda farkl\u0131 tarzlarda \u015fark\u0131lar yap\u0131yoruz ve \u015fark\u0131lar\u0131 yay\u0131n ak\u0131\u015f\u0131n\u0131za ekliyoruz. \u00a0Bu sayede hem siz hem de ma\u011fazan\u0131z\u0131 devaml\u0131 ziyaret eden daimi m\u00fc\u015fterileriniz yay\u0131n ak\u0131\u015f\u0131n\u0131zdaki farkl\u0131l\u0131klar\u0131 g\u00f6recek ve m\u00fczik yay\u0131n\u0131n\u0131z daha keyifli bir hale gelecektir. Her ay Viva Medya st\u00fcdyolar\u0131ndan \u00e7\u0131kan \u015fark\u0131lar g\u00fcncel piyasa m\u00fcziklerinden ve tarzlar\u0131ndan esinlenerek yap\u0131lmakta. \u00d6rne\u011fin 2018 yaz sezonunda ne tarz m\u00fczikler dinleniyor, radyolarda en \u00e7ok ra\u011fbet g\u00f6ren m\u00fczik tarzlar\u0131 hangileri \u00f6ncelikle bunlar\u0131n analizi yap\u0131ld\u0131ktan sonra belirlenen m\u00fczik tarz\u0131na uygun \u015fark\u0131lar yap\u0131l\u0131yor. Siz de ma\u011fazan\u0131za uygun kurumsal radyo yay\u0131n\u0131n\u0131 belirlemek i\u00e7in vivamedya.com&#8217;u ziyaret edip teklif alabilirsiniz. Firman\u0131za ve markan\u0131za en uygun teklifi vererek sizin i\u00e7in en uygun radyo yay\u0131n ak\u0131\u015f\u0131n\u0131z\u0131 belirleyebiliriz.","og_url":"https:\/\/vivamedya.com\/radyo\/magazaniz-icin-her-ay-yeni-telifsiz-sarkilar\/","og_site_name":"V\u0130VA MEDYA","article_publisher":"https:\/\/www.facebook.com\/vivamedya\/","article_published_time":"2018-07-12T15:19:18+00:00","article_modified_time":"2026-04-18T21:21:22+00:00","og_image":[{"width":1300,"height":867,"url":"https:\/\/vivamedya.com\/radyo\/wp-content\/uploads\/2018\/03\/208053-OZK13I-1.jpg","type":"image\/jpeg"}],"author":"vivamedya","twitter_card":"summary_large_image","twitter_misc":{"Yazan:":"vivamedya","Tahmini okuma s\u00fcresi":"3 dakika"},"schema":{"@context":"https:\/\/schema.org","@graph":[{"@type":"Article","@id":"https:\/\/vivamedya.com\/radyo\/magazaniz-icin-her-ay-yeni-telifsiz-sarkilar\/#article","isPartOf":{"@id":"https:\/\/vivamedya.com\/radyo\/magazaniz-icin-her-ay-yeni-telifsiz-sarkilar\/"},"author":{"name":"vivamedya","@id":"https:\/\/vivamedya.com\/radyo\/#\/schema\/person\/5ced6796171ba52ed46f6c466d197def"},"headline":"Ma\u011fazan\u0131z i\u00e7in her ay yeni telifsiz \u015fark\u0131lar","datePublished":"2018-07-12T15:19:18+00:00","dateModified":"2026-04-18T21:21:22+00:00","mainEntityOfPage":{"@id":"https:\/\/vivamedya.com\/radyo\/magazaniz-icin-her-ay-yeni-telifsiz-sarkilar\/"},"wordCount":571,"publisher":{"@id":"https:\/\/vivamedya.com\/radyo\/#organization"},"image":{"@id":"https:\/\/vivamedya.com\/radyo\/magazaniz-icin-her-ay-yeni-telifsiz-sarkilar\/#primaryimage"},"thumbnailUrl":"https:\/\/vivamedya.com\/radyo\/wp-content\/uploads\/2018\/03\/208053-OZK13I-1.jpg","articleSection":["V\u0130VA MEDYA"],"inLanguage":"tr"},{"@type":"WebPage","@id":"https:\/\/vivamedya.com\/radyo\/magazaniz-icin-her-ay-yeni-telifsiz-sarkilar\/","url":"https:\/\/vivamedya.com\/radyo\/magazaniz-icin-her-ay-yeni-telifsiz-sarkilar\/","name":"Ma\u011fazan\u0131z i\u00e7in her ay yeni telifsiz \u015fark\u0131lar - V\u0130VA MEDYA","isPartOf":{"@id":"https:\/\/vivamedya.com\/radyo\/#website"},"primaryImageOfPage":{"@id":"https:\/\/vivamedya.com\/radyo\/magazaniz-icin-her-ay-yeni-telifsiz-sarkilar\/#primaryimage"},"image":{"@id":"https:\/\/vivamedya.com\/radyo\/magazaniz-icin-her-ay-yeni-telifsiz-sarkilar\/#primaryimage"},"thumbnailUrl":"https:\/\/vivamedya.com\/radyo\/wp-content\/uploads\/2018\/03\/208053-OZK13I-1.jpg","datePublished":"2018-07-12T15:19:18+00:00","dateModified":"2026-04-18T21:21:22+00:00","breadcrumb":{"@id":"https:\/\/vivamedya.com\/radyo\/magazaniz-icin-her-ay-yeni-telifsiz-sarkilar\/#breadcrumb"},"inLanguage":"tr","potentialAction":[{"@type":"ReadAction","target":["https:\/\/vivamedya.com\/radyo\/magazaniz-icin-her-ay-yeni-telifsiz-sarkilar\/"]}]},{"@type":"ImageObject","inLanguage":"tr","@id":"https:\/\/vivamedya.com\/radyo\/magazaniz-icin-her-ay-yeni-telifsiz-sarkilar\/#primaryimage","url":"https:\/\/vivamedya.com\/radyo\/wp-content\/uploads\/2018\/03\/208053-OZK13I-1.jpg","contentUrl":"https:\/\/vivamedya.com\/radyo\/wp-content\/uploads\/2018\/03\/208053-OZK13I-1.jpg","width":1300,"height":867},{"@type":"BreadcrumbList","@id":"https:\/\/vivamedya.com\/radyo\/magazaniz-icin-her-ay-yeni-telifsiz-sarkilar\/#breadcrumb","itemListElement":[{"@type":"ListItem","position":1,"name":"Anasayfa","item":"https:\/\/vivamedya.com\/radyo\/"},{"@type":"ListItem","position":2,"name":"Ma\u011fazan\u0131z i\u00e7in her ay yeni telifsiz \u015fark\u0131lar"}]},{"@type":"WebSite","@id":"https:\/\/vivamedya.com\/radyo\/#website","url":"https:\/\/vivamedya.com\/radyo\/","name":"V\u0130VA MEDYA - Corporate Radio | Store Radio | Store Music","description":"Corporate Radio | Store Radio | Store Music","publisher":{"@id":"https:\/\/vivamedya.com\/radyo\/#organization"},"potentialAction":[{"@type":"SearchAction","target":{"@type":"EntryPoint","urlTemplate":"https:\/\/vivamedya.com\/radyo\/?s={search_term_string}"},"query-input":{"@type":"PropertyValueSpecification","valueRequired":true,"valueName":"search_term_string"}}],"inLanguage":"tr"},{"@type":"Organization","@id":"https:\/\/vivamedya.com\/radyo\/#organization","name":"V\u0130VA MEDYA - Kurumsal Radyo Yay\u0131n Hizmeti","url":"https:\/\/vivamedya.com\/radyo\/","logo":{"@type":"ImageObject","inLanguage":"tr","@id":"https:\/\/vivamedya.com\/radyo\/#\/schema\/logo\/image\/","url":"https:\/\/vivamedya.com\/radyo\/wp-content\/uploads\/2020\/11\/viva-medya-logo.png","contentUrl":"https:\/\/vivamedya.com\/radyo\/wp-content\/uploads\/2020\/11\/viva-medya-logo.png","width":301,"height":64,"caption":"V\u0130VA MEDYA - Kurumsal Radyo Yay\u0131n Hizmeti"},"image":{"@id":"https:\/\/vivamedya.com\/radyo\/#\/schema\/logo\/image\/"},"sameAs":["https:\/\/www.facebook.com\/vivamedya\/","https:\/\/www.instagram.com\/viva_medya\/"]},{"@type":"Person","@id":"https:\/\/vivamedya.com\/radyo\/#\/schema\/person\/5ced6796171ba52ed46f6c466d197def","name":"vivamedya"}]}},"_links":{"self":[{"href":"https:\/\/vivamedya.com\/radyo\/wp-json\/wp\/v2\/posts\/155","targetHints":{"allow":["GET"]}}],"collection":[{"href":"https:\/\/vivamedya.com\/radyo\/wp-json\/wp\/v2\/posts"}],"about":[{"href":"https:\/\/vivamedya.com\/radyo\/wp-json\/wp\/v2\/types\/post"}],"author":[{"embeddable":true,"href":"https:\/\/vivamedya.com\/radyo\/wp-json\/wp\/v2\/users\/1"}],"replies":[{"embeddable":true,"href":"https:\/\/vivamedya.com\/radyo\/wp-json\/wp\/v2\/comments?post=155"}],"version-history":[{"count":6,"href":"https:\/\/vivamedya.com\/radyo\/wp-json\/wp\/v2\/posts\/155\/revisions"}],"predecessor-version":[{"id":3244,"href":"https:\/\/vivamedya.com\/radyo\/wp-json\/wp\/v2\/posts\/155\/revisions\/3244"}],"wp:featuredmedia":[{"embeddable":true,"href":"https:\/\/vivamedya.com\/radyo\/wp-json\/wp\/v2\/media\/87"}],"wp:attachment":[{"href":"https:\/\/vivamedya.com\/radyo\/wp-json\/wp\/v2\/media?parent=155"}],"wp:term":[{"taxonomy":"category","embeddable":true,"href":"https:\/\/vivamedya.com\/radyo\/wp-json\/wp\/v2\/categories?post=155"},{"taxonomy":"post_tag","embeddable":true,"href":"https:\/\/vivamedya.com\/radyo\/wp-json\/wp\/v2\/tags?post=155"}],"curies":[{"name":"wp","href":"https:\/\/api.w.org\/{rel}","templated":true}]}}