{"id":1596,"date":"2024-09-26T10:36:59","date_gmt":"2024-09-26T07:36:59","guid":{"rendered":"https:\/\/vivamedya.com\/radyo\/?p=1596"},"modified":"2026-04-19T00:13:28","modified_gmt":"2026-04-18T21:13:28","slug":"alisveris-sirasinda-muzik-neden-onemli","status":"publish","type":"post","link":"https:\/\/vivamedya.com\/radyo\/alisveris-sirasinda-muzik-neden-onemli\/","title":{"rendered":"Al\u0131\u015fveri\u015f S\u0131ras\u0131nda M\u00fczik Neden \u00d6nemli?"},"content":{"rendered":"\t\t<div data-elementor-type=\"wp-post\" data-elementor-id=\"1596\" class=\"elementor elementor-1596\">\n\t\t\t\t\t\t<section class=\"elementor-section elementor-top-section elementor-element elementor-element-8f4d1c0 elementor-section-boxed elementor-section-height-default elementor-section-height-default wpr-particle-no wpr-jarallax-no wpr-parallax-no wpr-sticky-section-no\" data-id=\"8f4d1c0\" data-element_type=\"section\" data-e-type=\"section\">\n\t\t\t\t\t\t<div class=\"elementor-container elementor-column-gap-default\">\n\t\t\t\t\t<div class=\"elementor-column elementor-col-100 elementor-top-column elementor-element elementor-element-85a3974\" data-id=\"85a3974\" data-element_type=\"column\" data-e-type=\"column\">\n\t\t\t<div class=\"elementor-widget-wrap elementor-element-populated\">\n\t\t\t\t\t\t<div class=\"elementor-element elementor-element-fb8d66d elementor-widget elementor-widget-text-editor\" data-id=\"fb8d66d\" data-element_type=\"widget\" data-e-type=\"widget\" data-widget_type=\"text-editor.default\">\n\t\t\t\t<div class=\"elementor-widget-container\">\n\t\t\t\t\t\t\t\t\t<p>Al\u0131\u015fveri\u015f deneyiminin keyifli ve ak\u0131lda kal\u0131c\u0131 olmas\u0131nda bir\u00e7ok fakt\u00f6r etkili olabilir. Bu fakt\u00f6rlerin ba\u015f\u0131nda ise do\u011fru se\u00e7ilmi\u015f m\u00fczik yer al\u0131r. Al\u0131\u015fveri\u015f s\u0131ras\u0131nda \u00e7alan m\u00fczik, m\u00fc\u015fterilerin ma\u011fazada daha uzun s\u00fcre kalmas\u0131n\u0131 sa\u011flayarak al\u0131\u015fveri\u015f yapma isteklerini art\u0131rabilir. Bu etkiyi yaratman\u0131n en g\u00fcvenli ve s\u00fcrd\u00fcr\u00fclebilir yolu ise &#8220;<strong>yasal m\u00fczik<\/strong>&#8221; kullanmaktan ge\u00e7er. Ma\u011fazan\u0131zda \u00e7al\u0131nan her m\u00fczik, m\u00fc\u015fterilere sundu\u011funuz genel deneyimin bir par\u00e7as\u0131 olarak markan\u0131z\u0131n kalitesini yans\u0131t\u0131r.<\/p><p>M\u00fczik, al\u0131\u015fveri\u015f s\u0131ras\u0131nda sadece e\u011flenceli bir arka plan sesi de\u011fil, ayn\u0131 zamanda m\u00fc\u015fterilerin ruh halini etkileyen \u00f6nemli bir unsurdur. Yava\u015f tempolu, sakin bir m\u00fczik, m\u00fc\u015fterilerin ma\u011fazada daha uzun s\u00fcre kalmalar\u0131n\u0131 sa\u011flarken; daha h\u0131zl\u0131 tempolu m\u00fczikler, enerji dolu bir atmosfer yaratarak sat\u0131n alma h\u0131z\u0131n\u0131 art\u0131rabilir. Ancak, do\u011fru m\u00fczik se\u00e7imi kadar \u00f6nemli bir ba\u015fka konu da m\u00fczi\u011fin telif haklar\u0131na uygun olmas\u0131d\u0131r. &#8220;Telifsiz m\u00fczik&#8221; ya da &#8220;yasal m\u00fczik&#8221; kullan\u0131m\u0131, markan\u0131z\u0131 hukuki sorunlardan koruyarak sorunsuz bir al\u0131\u015fveri\u015f deneyimi sunman\u0131za yard\u0131mc\u0131 olur.<\/p>\t\t\t\t\t\t\t\t<\/div>\n\t\t\t\t<\/div>\n\t\t\t\t<div class=\"elementor-element elementor-element-19cb1c4 elementor-widget elementor-widget-image\" data-id=\"19cb1c4\" data-element_type=\"widget\" data-e-type=\"widget\" data-widget_type=\"image.default\">\n\t\t\t\t<div class=\"elementor-widget-container\">\n\t\t\t\t\t\t\t\t\t\t\t\t\t\t\t<img fetchpriority=\"high\" decoding=\"async\" width=\"960\" height=\"640\" src=\"https:\/\/vivamedya.com\/radyo\/wp-content\/uploads\/2024\/09\/alisveris-muzikleri-viva-medya-radyo-1024x683.webp\" class=\"attachment-large size-large wp-image-1600\" alt=\"alisveris-muzikleri-viva-medya-radyo\" srcset=\"https:\/\/vivamedya.com\/radyo\/wp-content\/uploads\/2024\/09\/alisveris-muzikleri-viva-medya-radyo-1024x683.webp 1024w, https:\/\/vivamedya.com\/radyo\/wp-content\/uploads\/2024\/09\/alisveris-muzikleri-viva-medya-radyo-300x200.webp 300w, https:\/\/vivamedya.com\/radyo\/wp-content\/uploads\/2024\/09\/alisveris-muzikleri-viva-medya-radyo-768x512.webp 768w, https:\/\/vivamedya.com\/radyo\/wp-content\/uploads\/2024\/09\/alisveris-muzikleri-viva-medya-radyo-1536x1024.webp 1536w, https:\/\/vivamedya.com\/radyo\/wp-content\/uploads\/2024\/09\/alisveris-muzikleri-viva-medya-radyo.webp 1599w\" sizes=\"(max-width: 960px) 100vw, 960px\" \/>\t\t\t\t\t\t\t\t\t\t\t\t\t\t\t<\/div>\n\t\t\t\t<\/div>\n\t\t\t\t<div class=\"elementor-element elementor-element-2562e0d elementor-widget elementor-widget-heading\" data-id=\"2562e0d\" data-element_type=\"widget\" data-e-type=\"widget\" data-widget_type=\"heading.default\">\n\t\t\t\t<div class=\"elementor-widget-container\">\n\t\t\t\t\t<h2 class=\"elementor-heading-title elementor-size-default\">Markalar Neden Al\u0131\u015fveri\u015f S\u0131ras\u0131nda M\u00fczi\u011fe \u00d6nem Veriyor?<\/h2>\t\t\t\t<\/div>\n\t\t\t\t<\/div>\n\t\t\t\t<div class=\"elementor-element elementor-element-fbbb7ab elementor-widget elementor-widget-text-editor\" data-id=\"fbbb7ab\" data-element_type=\"widget\" data-e-type=\"widget\" data-widget_type=\"text-editor.default\">\n\t\t\t\t<div class=\"elementor-widget-container\">\n\t\t\t\t\t\t\t\t\t<p>G\u00fcn\u00fcm\u00fczde markalar, m\u00fc\u015fteri deneyimini g\u00fc\u00e7lendirmek ve al\u0131\u015fveri\u015f ortam\u0131n\u0131 daha \u00e7ekici hale getirmek i\u00e7in m\u00fczik kullan\u0131yor. &#8220;<strong>Al\u0131\u015fveri\u015f m\u00fczikleri<\/strong>&#8220;, ma\u011fazan\u0131n atmosferini belirleyen ve m\u00fc\u015fterilerin ma\u011fazayla ba\u011f kurmas\u0131n\u0131 sa\u011flayan en \u00f6nemli unsurlardan biri olarak kabul ediliyor. Do\u011fru m\u00fczik se\u00e7imi, m\u00fc\u015fteri davran\u0131\u015flar\u0131n\u0131 olumlu y\u00f6nde etkileyebilir ve al\u0131\u015fveri\u015f deneyimini zenginle\u015ftirebilir. \u00d6zellikle &#8220;yasal m\u00fczik&#8221; kullan\u0131m\u0131, markalar\u0131n hem profesyonelliklerini hem de sorumluluklar\u0131n\u0131 g\u00f6sterir.<\/p><p>M\u00fczi\u011fin al\u0131\u015fveri\u015f \u00fczerindeki etkisini fark eden markalar, al\u0131\u015fveri\u015f m\u00fczikleri konusunda titiz davranarak m\u00fc\u015fterilerine en iyi deneyimi sunmak i\u00e7in profesyonel \u00e7\u00f6z\u00fcmler ararlar. Bunun en b\u00fcy\u00fck nedenlerinden biri, m\u00fc\u015fterilerin ma\u011fazada ne kadar uzun kal\u0131rsa, o kadar fazla al\u0131\u015fveri\u015f yapma olas\u0131l\u0131klar\u0131n\u0131n artmas\u0131d\u0131r. Ayr\u0131ca, m\u00fczi\u011fin marka imaj\u0131n\u0131 g\u00fc\u00e7lendiren bir unsur olmas\u0131, m\u00fczik se\u00e7iminde daha dikkatli olmalar\u0131n\u0131 zorunlu k\u0131lar.<\/p>\t\t\t\t\t\t\t\t<\/div>\n\t\t\t\t<\/div>\n\t\t\t\t<div class=\"elementor-element elementor-element-a99f32b elementor-widget elementor-widget-heading\" data-id=\"a99f32b\" data-element_type=\"widget\" data-e-type=\"widget\" data-widget_type=\"heading.default\">\n\t\t\t\t<div class=\"elementor-widget-container\">\n\t\t\t\t\t<h2 class=\"elementor-heading-title elementor-size-default\">M\u00fczik Perakende Sekt\u00f6r\u00fc \u0130\u00e7in Niye Bu Kadar \u00d6nemli?<\/h2>\t\t\t\t<\/div>\n\t\t\t\t<\/div>\n\t\t\t\t<div class=\"elementor-element elementor-element-4f56c58 elementor-widget elementor-widget-text-editor\" data-id=\"4f56c58\" data-element_type=\"widget\" data-e-type=\"widget\" data-widget_type=\"text-editor.default\">\n\t\t\t\t<div class=\"elementor-widget-container\">\n\t\t\t\t\t\t\t\t\t<p>Perakende sekt\u00f6r\u00fcnde m\u00fc\u015fteri memnuniyetini sa\u011flamak, sadakati art\u0131rmak ve sat\u0131\u015flar\u0131 y\u00fckseltmek i\u00e7in kullan\u0131lan ara\u00e7lardan biri m\u00fcziktir. M\u00fczi\u011fin perakende ma\u011fazalar\u0131nda yaratabilece\u011fi etkiler \u00fczerine yap\u0131lan ara\u015ft\u0131rmalar, do\u011fru se\u00e7ilen m\u00fczi\u011fin m\u00fc\u015fterilerin al\u0131\u015fveri\u015f davran\u0131\u015flar\u0131n\u0131 do\u011frudan etkiledi\u011fini g\u00f6stermektedir. &#8220;Al\u0131\u015fveri\u015f m\u00fczikleri&#8221; bu nedenle perakende sekt\u00f6r\u00fc i\u00e7in hayati \u00f6nem ta\u015f\u0131r.<\/p><p>Perakende sekt\u00f6r\u00fcnde ba\u015far\u0131l\u0131 olmak isteyen markalar, hem marka imaj\u0131n\u0131 g\u00fc\u00e7lendirmek hem de m\u00fc\u015fteri deneyimini iyile\u015ftirmek amac\u0131yla profesyonel &#8220;yasal m\u00fczik&#8221; \u00e7\u00f6z\u00fcmleri ararlar. Ayr\u0131ca, ma\u011faza sahipleri, telif hakk\u0131 ihlallerinden ka\u00e7\u0131nmak i\u00e7in &#8220;telifsiz m\u00fczik&#8221; se\u00e7eneklerine y\u00f6nelerek kendilerini hukuki risklerden koruyabilirler. Bu sayede ma\u011fazalarda yarat\u0131lan g\u00fcvenilir ve profesyonel ortam, m\u00fc\u015fteri sadakatini art\u0131rmada da b\u00fcy\u00fck rol oynar.<\/p>\t\t\t\t\t\t\t\t<\/div>\n\t\t\t\t<\/div>\n\t\t\t\t<div class=\"elementor-element elementor-element-0cfc064 elementor-widget elementor-widget-image\" data-id=\"0cfc064\" data-element_type=\"widget\" data-e-type=\"widget\" data-widget_type=\"image.default\">\n\t\t\t\t<div class=\"elementor-widget-container\">\n\t\t\t\t\t\t\t\t\t\t\t\t\t\t\t<img decoding=\"async\" width=\"960\" height=\"412\" src=\"https:\/\/vivamedya.com\/radyo\/wp-content\/uploads\/2024\/09\/yasal-magaza-muzikleri-viva-medya-1024x439.webp\" class=\"attachment-large size-large wp-image-1601\" alt=\"yasal-magaza-muzikleri-viva-medya\" srcset=\"https:\/\/vivamedya.com\/radyo\/wp-content\/uploads\/2024\/09\/yasal-magaza-muzikleri-viva-medya-1024x439.webp 1024w, https:\/\/vivamedya.com\/radyo\/wp-content\/uploads\/2024\/09\/yasal-magaza-muzikleri-viva-medya-300x129.webp 300w, https:\/\/vivamedya.com\/radyo\/wp-content\/uploads\/2024\/09\/yasal-magaza-muzikleri-viva-medya-768x329.webp 768w, https:\/\/vivamedya.com\/radyo\/wp-content\/uploads\/2024\/09\/yasal-magaza-muzikleri-viva-medya-1536x658.webp 1536w, https:\/\/vivamedya.com\/radyo\/wp-content\/uploads\/2024\/09\/yasal-magaza-muzikleri-viva-medya-2048x878.webp 2048w\" sizes=\"(max-width: 960px) 100vw, 960px\" \/>\t\t\t\t\t\t\t\t\t\t\t\t\t\t\t<\/div>\n\t\t\t\t<\/div>\n\t\t\t\t<div class=\"elementor-element elementor-element-8f687c4 elementor-widget elementor-widget-text-editor\" data-id=\"8f687c4\" data-element_type=\"widget\" data-e-type=\"widget\" data-widget_type=\"text-editor.default\">\n\t\t\t\t<div class=\"elementor-widget-container\">\n\t\t\t\t\t\t\t\t\tSonu\u00e7 olarak, al\u0131\u015fveri\u015f s\u0131ras\u0131nda kullan\u0131lan m\u00fczikler, ma\u011fazan\u0131n genel atmosferini belirlerken, markan\u0131n m\u00fc\u015fteriye sundu\u011fu deneyimi do\u011frudan etkiler. Viva Medya olarak, 2014 y\u0131l\u0131ndan bu yana markalara yasal ve profesyonel m\u00fczik \u00e7\u00f6z\u00fcmleri sunarak, ma\u011fazalarda en iyi al\u0131\u015fveri\u015f deneyimini yaratmaya devam ediyoruz.\t\t\t\t\t\t\t\t<\/div>\n\t\t\t\t<\/div>\n\t\t\t\t\t<\/div>\n\t\t<\/div>\n\t\t\t\t\t<\/div>\n\t\t<\/section>\n\t\t\t\t<\/div>\n\t\t","protected":false},"excerpt":{"rendered":"<p>Al\u0131\u015fveri\u015f deneyiminin keyifli ve ak\u0131lda kal\u0131c\u0131 olmas\u0131nda bir\u00e7ok fakt\u00f6r etkili olabilir. Bu fakt\u00f6rlerin ba\u015f\u0131nda ise do\u011fru se\u00e7ilmi\u015f m\u00fczik yer al\u0131r. Al\u0131\u015fveri\u015f s\u0131ras\u0131nda \u00e7alan m\u00fczik, m\u00fc\u015fterilerin ma\u011fazada daha uzun s\u00fcre kalmas\u0131n\u0131 sa\u011flayarak al\u0131\u015fveri\u015f yapma isteklerini art\u0131rabilir. Bu etkiyi yaratman\u0131n en g\u00fcvenli ve s\u00fcrd\u00fcr\u00fclebilir yolu ise &#8220;yasal m\u00fczik&#8221; kullanmaktan ge\u00e7er. Ma\u011fazan\u0131zda \u00e7al\u0131nan her m\u00fczik, m\u00fc\u015fterilere sundu\u011funuz genel deneyimin bir par\u00e7as\u0131 olarak markan\u0131z\u0131n kalitesini yans\u0131t\u0131r. M\u00fczik, al\u0131\u015fveri\u015f s\u0131ras\u0131nda sadece e\u011flenceli bir arka plan sesi de\u011fil, ayn\u0131 zamanda m\u00fc\u015fterilerin ruh halini etkileyen \u00f6nemli bir unsurdur. Yava\u015f tempolu, sakin bir m\u00fczik, m\u00fc\u015fterilerin ma\u011fazada daha uzun s\u00fcre kalmalar\u0131n\u0131 sa\u011flarken; daha h\u0131zl\u0131 tempolu m\u00fczikler, enerji dolu bir atmosfer yaratarak sat\u0131n alma h\u0131z\u0131n\u0131 art\u0131rabilir. Ancak, do\u011fru m\u00fczik se\u00e7imi kadar \u00f6nemli bir ba\u015fka konu da m\u00fczi\u011fin telif haklar\u0131na uygun olmas\u0131d\u0131r. &#8220;Telifsiz m\u00fczik&#8221; ya da &#8220;yasal m\u00fczik&#8221; kullan\u0131m\u0131, markan\u0131z\u0131 hukuki sorunlardan koruyarak sorunsuz bir al\u0131\u015fveri\u015f deneyimi sunman\u0131za yard\u0131mc\u0131 olur. Markalar Neden Al\u0131\u015fveri\u015f S\u0131ras\u0131nda M\u00fczi\u011fe \u00d6nem Veriyor? G\u00fcn\u00fcm\u00fczde markalar, m\u00fc\u015fteri deneyimini g\u00fc\u00e7lendirmek ve al\u0131\u015fveri\u015f ortam\u0131n\u0131 daha \u00e7ekici hale getirmek i\u00e7in m\u00fczik kullan\u0131yor. &#8220;Al\u0131\u015fveri\u015f m\u00fczikleri&#8220;, ma\u011fazan\u0131n atmosferini belirleyen ve m\u00fc\u015fterilerin ma\u011fazayla ba\u011f kurmas\u0131n\u0131 sa\u011flayan en \u00f6nemli unsurlardan biri olarak kabul ediliyor. Do\u011fru m\u00fczik se\u00e7imi, m\u00fc\u015fteri davran\u0131\u015flar\u0131n\u0131 olumlu y\u00f6nde etkileyebilir ve al\u0131\u015fveri\u015f deneyimini zenginle\u015ftirebilir. \u00d6zellikle &#8220;yasal m\u00fczik&#8221; kullan\u0131m\u0131, markalar\u0131n hem profesyonelliklerini hem de sorumluluklar\u0131n\u0131 g\u00f6sterir. M\u00fczi\u011fin al\u0131\u015fveri\u015f \u00fczerindeki etkisini fark eden markalar, al\u0131\u015fveri\u015f m\u00fczikleri konusunda titiz davranarak m\u00fc\u015fterilerine en iyi deneyimi sunmak i\u00e7in profesyonel \u00e7\u00f6z\u00fcmler ararlar. Bunun en b\u00fcy\u00fck nedenlerinden biri, m\u00fc\u015fterilerin ma\u011fazada ne kadar uzun kal\u0131rsa, o kadar fazla al\u0131\u015fveri\u015f yapma olas\u0131l\u0131klar\u0131n\u0131n artmas\u0131d\u0131r. Ayr\u0131ca, m\u00fczi\u011fin marka imaj\u0131n\u0131 g\u00fc\u00e7lendiren bir unsur olmas\u0131, m\u00fczik se\u00e7iminde daha dikkatli olmalar\u0131n\u0131 zorunlu k\u0131lar. M\u00fczik Perakende Sekt\u00f6r\u00fc \u0130\u00e7in Niye Bu Kadar \u00d6nemli? Perakende sekt\u00f6r\u00fcnde m\u00fc\u015fteri memnuniyetini sa\u011flamak, sadakati art\u0131rmak ve sat\u0131\u015flar\u0131 y\u00fckseltmek i\u00e7in kullan\u0131lan ara\u00e7lardan biri m\u00fcziktir. M\u00fczi\u011fin perakende ma\u011fazalar\u0131nda yaratabilece\u011fi etkiler \u00fczerine yap\u0131lan ara\u015ft\u0131rmalar, do\u011fru se\u00e7ilen m\u00fczi\u011fin m\u00fc\u015fterilerin al\u0131\u015fveri\u015f davran\u0131\u015flar\u0131n\u0131 do\u011frudan etkiledi\u011fini g\u00f6stermektedir. &#8220;Al\u0131\u015fveri\u015f m\u00fczikleri&#8221; bu nedenle perakende sekt\u00f6r\u00fc i\u00e7in hayati \u00f6nem ta\u015f\u0131r. Perakende sekt\u00f6r\u00fcnde ba\u015far\u0131l\u0131 olmak isteyen markalar, hem marka imaj\u0131n\u0131 g\u00fc\u00e7lendirmek hem de m\u00fc\u015fteri deneyimini iyile\u015ftirmek amac\u0131yla profesyonel &#8220;yasal m\u00fczik&#8221; \u00e7\u00f6z\u00fcmleri ararlar. Ayr\u0131ca, ma\u011faza sahipleri, telif hakk\u0131 ihlallerinden ka\u00e7\u0131nmak i\u00e7in &#8220;telifsiz m\u00fczik&#8221; se\u00e7eneklerine y\u00f6nelerek kendilerini hukuki risklerden koruyabilirler. Bu sayede ma\u011fazalarda yarat\u0131lan g\u00fcvenilir ve profesyonel ortam, m\u00fc\u015fteri sadakatini art\u0131rmada da b\u00fcy\u00fck rol oynar. Sonu\u00e7 olarak, al\u0131\u015fveri\u015f s\u0131ras\u0131nda kullan\u0131lan m\u00fczikler, ma\u011fazan\u0131n genel atmosferini belirlerken, markan\u0131n m\u00fc\u015fteriye sundu\u011fu deneyimi do\u011frudan etkiler. Viva Medya olarak, 2014 y\u0131l\u0131ndan bu yana markalara yasal ve profesyonel m\u00fczik \u00e7\u00f6z\u00fcmleri sunarak, ma\u011fazalarda en iyi al\u0131\u015fveri\u015f deneyimini yaratmaya devam ediyoruz.<\/p>\n","protected":false},"author":1,"featured_media":1598,"comment_status":"closed","ping_status":"open","sticky":false,"template":"","format":"standard","meta":{"h5ap_radio_sources":[],"footnotes":""},"categories":[1],"tags":[],"class_list":["post-1596","post","type-post","status-publish","format-standard","has-post-thumbnail","hentry","category-viva-medya"],"yoast_head":"<!-- This site is optimized with the Yoast SEO plugin v26.9 - https:\/\/yoast.com\/product\/yoast-seo-wordpress\/ -->\n<title>Al\u0131\u015fveri\u015f S\u0131ras\u0131nda M\u00fczik Neden \u00d6nemli? - V\u0130VA MEDYA<\/title>\n<meta name=\"robots\" content=\"index, follow, max-snippet:-1, max-image-preview:large, max-video-preview:-1\" \/>\n<link rel=\"canonical\" href=\"https:\/\/vivamedya.com\/radyo\/alisveris-sirasinda-muzik-neden-onemli\/\" \/>\n<meta property=\"og:locale\" content=\"tr_TR\" \/>\n<meta property=\"og:type\" content=\"article\" \/>\n<meta property=\"og:title\" content=\"Al\u0131\u015fveri\u015f S\u0131ras\u0131nda M\u00fczik Neden \u00d6nemli? - V\u0130VA MEDYA\" \/>\n<meta property=\"og:description\" content=\"Al\u0131\u015fveri\u015f deneyiminin keyifli ve ak\u0131lda kal\u0131c\u0131 olmas\u0131nda bir\u00e7ok fakt\u00f6r etkili olabilir. Bu fakt\u00f6rlerin ba\u015f\u0131nda ise do\u011fru se\u00e7ilmi\u015f m\u00fczik yer al\u0131r. Al\u0131\u015fveri\u015f s\u0131ras\u0131nda \u00e7alan m\u00fczik, m\u00fc\u015fterilerin ma\u011fazada daha uzun s\u00fcre kalmas\u0131n\u0131 sa\u011flayarak al\u0131\u015fveri\u015f yapma isteklerini art\u0131rabilir. Bu etkiyi yaratman\u0131n en g\u00fcvenli ve s\u00fcrd\u00fcr\u00fclebilir yolu ise &#8220;yasal m\u00fczik&#8221; kullanmaktan ge\u00e7er. Ma\u011fazan\u0131zda \u00e7al\u0131nan her m\u00fczik, m\u00fc\u015fterilere sundu\u011funuz genel deneyimin bir par\u00e7as\u0131 olarak markan\u0131z\u0131n kalitesini yans\u0131t\u0131r. M\u00fczik, al\u0131\u015fveri\u015f s\u0131ras\u0131nda sadece e\u011flenceli bir arka plan sesi de\u011fil, ayn\u0131 zamanda m\u00fc\u015fterilerin ruh halini etkileyen \u00f6nemli bir unsurdur. Yava\u015f tempolu, sakin bir m\u00fczik, m\u00fc\u015fterilerin ma\u011fazada daha uzun s\u00fcre kalmalar\u0131n\u0131 sa\u011flarken; daha h\u0131zl\u0131 tempolu m\u00fczikler, enerji dolu bir atmosfer yaratarak sat\u0131n alma h\u0131z\u0131n\u0131 art\u0131rabilir. Ancak, do\u011fru m\u00fczik se\u00e7imi kadar \u00f6nemli bir ba\u015fka konu da m\u00fczi\u011fin telif haklar\u0131na uygun olmas\u0131d\u0131r. &#8220;Telifsiz m\u00fczik&#8221; ya da &#8220;yasal m\u00fczik&#8221; kullan\u0131m\u0131, markan\u0131z\u0131 hukuki sorunlardan koruyarak sorunsuz bir al\u0131\u015fveri\u015f deneyimi sunman\u0131za yard\u0131mc\u0131 olur. Markalar Neden Al\u0131\u015fveri\u015f S\u0131ras\u0131nda M\u00fczi\u011fe \u00d6nem Veriyor? G\u00fcn\u00fcm\u00fczde markalar, m\u00fc\u015fteri deneyimini g\u00fc\u00e7lendirmek ve al\u0131\u015fveri\u015f ortam\u0131n\u0131 daha \u00e7ekici hale getirmek i\u00e7in m\u00fczik kullan\u0131yor. &#8220;Al\u0131\u015fveri\u015f m\u00fczikleri&#8220;, ma\u011fazan\u0131n atmosferini belirleyen ve m\u00fc\u015fterilerin ma\u011fazayla ba\u011f kurmas\u0131n\u0131 sa\u011flayan en \u00f6nemli unsurlardan biri olarak kabul ediliyor. Do\u011fru m\u00fczik se\u00e7imi, m\u00fc\u015fteri davran\u0131\u015flar\u0131n\u0131 olumlu y\u00f6nde etkileyebilir ve al\u0131\u015fveri\u015f deneyimini zenginle\u015ftirebilir. \u00d6zellikle &#8220;yasal m\u00fczik&#8221; kullan\u0131m\u0131, markalar\u0131n hem profesyonelliklerini hem de sorumluluklar\u0131n\u0131 g\u00f6sterir. M\u00fczi\u011fin al\u0131\u015fveri\u015f \u00fczerindeki etkisini fark eden markalar, al\u0131\u015fveri\u015f m\u00fczikleri konusunda titiz davranarak m\u00fc\u015fterilerine en iyi deneyimi sunmak i\u00e7in profesyonel \u00e7\u00f6z\u00fcmler ararlar. Bunun en b\u00fcy\u00fck nedenlerinden biri, m\u00fc\u015fterilerin ma\u011fazada ne kadar uzun kal\u0131rsa, o kadar fazla al\u0131\u015fveri\u015f yapma olas\u0131l\u0131klar\u0131n\u0131n artmas\u0131d\u0131r. Ayr\u0131ca, m\u00fczi\u011fin marka imaj\u0131n\u0131 g\u00fc\u00e7lendiren bir unsur olmas\u0131, m\u00fczik se\u00e7iminde daha dikkatli olmalar\u0131n\u0131 zorunlu k\u0131lar. M\u00fczik Perakende Sekt\u00f6r\u00fc \u0130\u00e7in Niye Bu Kadar \u00d6nemli? Perakende sekt\u00f6r\u00fcnde m\u00fc\u015fteri memnuniyetini sa\u011flamak, sadakati art\u0131rmak ve sat\u0131\u015flar\u0131 y\u00fckseltmek i\u00e7in kullan\u0131lan ara\u00e7lardan biri m\u00fcziktir. M\u00fczi\u011fin perakende ma\u011fazalar\u0131nda yaratabilece\u011fi etkiler \u00fczerine yap\u0131lan ara\u015ft\u0131rmalar, do\u011fru se\u00e7ilen m\u00fczi\u011fin m\u00fc\u015fterilerin al\u0131\u015fveri\u015f davran\u0131\u015flar\u0131n\u0131 do\u011frudan etkiledi\u011fini g\u00f6stermektedir. &#8220;Al\u0131\u015fveri\u015f m\u00fczikleri&#8221; bu nedenle perakende sekt\u00f6r\u00fc i\u00e7in hayati \u00f6nem ta\u015f\u0131r. Perakende sekt\u00f6r\u00fcnde ba\u015far\u0131l\u0131 olmak isteyen markalar, hem marka imaj\u0131n\u0131 g\u00fc\u00e7lendirmek hem de m\u00fc\u015fteri deneyimini iyile\u015ftirmek amac\u0131yla profesyonel &#8220;yasal m\u00fczik&#8221; \u00e7\u00f6z\u00fcmleri ararlar. Ayr\u0131ca, ma\u011faza sahipleri, telif hakk\u0131 ihlallerinden ka\u00e7\u0131nmak i\u00e7in &#8220;telifsiz m\u00fczik&#8221; se\u00e7eneklerine y\u00f6nelerek kendilerini hukuki risklerden koruyabilirler. Bu sayede ma\u011fazalarda yarat\u0131lan g\u00fcvenilir ve profesyonel ortam, m\u00fc\u015fteri sadakatini art\u0131rmada da b\u00fcy\u00fck rol oynar. Sonu\u00e7 olarak, al\u0131\u015fveri\u015f s\u0131ras\u0131nda kullan\u0131lan m\u00fczikler, ma\u011fazan\u0131n genel atmosferini belirlerken, markan\u0131n m\u00fc\u015fteriye sundu\u011fu deneyimi do\u011frudan etkiler. Viva Medya olarak, 2014 y\u0131l\u0131ndan bu yana markalara yasal ve profesyonel m\u00fczik \u00e7\u00f6z\u00fcmleri sunarak, ma\u011fazalarda en iyi al\u0131\u015fveri\u015f deneyimini yaratmaya devam ediyoruz.\" \/>\n<meta property=\"og:url\" content=\"https:\/\/vivamedya.com\/radyo\/alisveris-sirasinda-muzik-neden-onemli\/\" \/>\n<meta property=\"og:site_name\" content=\"V\u0130VA MEDYA\" \/>\n<meta property=\"article:publisher\" content=\"https:\/\/www.facebook.com\/vivamedya\/\" \/>\n<meta property=\"article:published_time\" content=\"2024-09-26T07:36:59+00:00\" \/>\n<meta property=\"article:modified_time\" content=\"2026-04-18T21:13:28+00:00\" \/>\n<meta property=\"og:image\" content=\"https:\/\/vivamedya.com\/radyo\/wp-content\/uploads\/2024\/09\/alisveris-muzikleri-viva-medya.webp\" \/>\n\t<meta property=\"og:image:width\" content=\"900\" \/>\n\t<meta property=\"og:image:height\" content=\"600\" \/>\n\t<meta property=\"og:image:type\" content=\"image\/webp\" \/>\n<meta name=\"author\" content=\"vivamedya\" \/>\n<meta name=\"twitter:card\" content=\"summary_large_image\" \/>\n<meta name=\"twitter:label1\" content=\"Yazan:\" \/>\n\t<meta name=\"twitter:data1\" content=\"vivamedya\" \/>\n\t<meta name=\"twitter:label2\" content=\"Tahmini okuma s\u00fcresi\" \/>\n\t<meta name=\"twitter:data2\" content=\"3 dakika\" \/>\n<script type=\"application\/ld+json\" class=\"yoast-schema-graph\">{\"@context\":\"https:\/\/schema.org\",\"@graph\":[{\"@type\":\"Article\",\"@id\":\"https:\/\/vivamedya.com\/radyo\/alisveris-sirasinda-muzik-neden-onemli\/#article\",\"isPartOf\":{\"@id\":\"https:\/\/vivamedya.com\/radyo\/alisveris-sirasinda-muzik-neden-onemli\/\"},\"author\":{\"name\":\"vivamedya\",\"@id\":\"https:\/\/vivamedya.com\/radyo\/#\/schema\/person\/5ced6796171ba52ed46f6c466d197def\"},\"headline\":\"Al\u0131\u015fveri\u015f S\u0131ras\u0131nda M\u00fczik Neden \u00d6nemli?\",\"datePublished\":\"2024-09-26T07:36:59+00:00\",\"dateModified\":\"2026-04-18T21:13:28+00:00\",\"mainEntityOfPage\":{\"@id\":\"https:\/\/vivamedya.com\/radyo\/alisveris-sirasinda-muzik-neden-onemli\/\"},\"wordCount\":625,\"publisher\":{\"@id\":\"https:\/\/vivamedya.com\/radyo\/#organization\"},\"image\":{\"@id\":\"https:\/\/vivamedya.com\/radyo\/alisveris-sirasinda-muzik-neden-onemli\/#primaryimage\"},\"thumbnailUrl\":\"https:\/\/vivamedya.com\/radyo\/wp-content\/uploads\/2024\/09\/alisveris-muzikleri-viva-medya.webp\",\"articleSection\":[\"V\u0130VA MEDYA\"],\"inLanguage\":\"tr\"},{\"@type\":\"WebPage\",\"@id\":\"https:\/\/vivamedya.com\/radyo\/alisveris-sirasinda-muzik-neden-onemli\/\",\"url\":\"https:\/\/vivamedya.com\/radyo\/alisveris-sirasinda-muzik-neden-onemli\/\",\"name\":\"Al\u0131\u015fveri\u015f S\u0131ras\u0131nda M\u00fczik Neden \u00d6nemli? - V\u0130VA MEDYA\",\"isPartOf\":{\"@id\":\"https:\/\/vivamedya.com\/radyo\/#website\"},\"primaryImageOfPage\":{\"@id\":\"https:\/\/vivamedya.com\/radyo\/alisveris-sirasinda-muzik-neden-onemli\/#primaryimage\"},\"image\":{\"@id\":\"https:\/\/vivamedya.com\/radyo\/alisveris-sirasinda-muzik-neden-onemli\/#primaryimage\"},\"thumbnailUrl\":\"https:\/\/vivamedya.com\/radyo\/wp-content\/uploads\/2024\/09\/alisveris-muzikleri-viva-medya.webp\",\"datePublished\":\"2024-09-26T07:36:59+00:00\",\"dateModified\":\"2026-04-18T21:13:28+00:00\",\"breadcrumb\":{\"@id\":\"https:\/\/vivamedya.com\/radyo\/alisveris-sirasinda-muzik-neden-onemli\/#breadcrumb\"},\"inLanguage\":\"tr\",\"potentialAction\":[{\"@type\":\"ReadAction\",\"target\":[\"https:\/\/vivamedya.com\/radyo\/alisveris-sirasinda-muzik-neden-onemli\/\"]}]},{\"@type\":\"ImageObject\",\"inLanguage\":\"tr\",\"@id\":\"https:\/\/vivamedya.com\/radyo\/alisveris-sirasinda-muzik-neden-onemli\/#primaryimage\",\"url\":\"https:\/\/vivamedya.com\/radyo\/wp-content\/uploads\/2024\/09\/alisveris-muzikleri-viva-medya.webp\",\"contentUrl\":\"https:\/\/vivamedya.com\/radyo\/wp-content\/uploads\/2024\/09\/alisveris-muzikleri-viva-medya.webp\",\"width\":900,\"height\":600,\"caption\":\"alisveris-muzikleri-viva-medya\"},{\"@type\":\"BreadcrumbList\",\"@id\":\"https:\/\/vivamedya.com\/radyo\/alisveris-sirasinda-muzik-neden-onemli\/#breadcrumb\",\"itemListElement\":[{\"@type\":\"ListItem\",\"position\":1,\"name\":\"Anasayfa\",\"item\":\"https:\/\/vivamedya.com\/radyo\/\"},{\"@type\":\"ListItem\",\"position\":2,\"name\":\"Al\u0131\u015fveri\u015f S\u0131ras\u0131nda M\u00fczik Neden \u00d6nemli?\"}]},{\"@type\":\"WebSite\",\"@id\":\"https:\/\/vivamedya.com\/radyo\/#website\",\"url\":\"https:\/\/vivamedya.com\/radyo\/\",\"name\":\"V\u0130VA MEDYA - Corporate Radio | Store Radio | Store Music\",\"description\":\"Corporate Radio | Store Radio | Store Music\",\"publisher\":{\"@id\":\"https:\/\/vivamedya.com\/radyo\/#organization\"},\"potentialAction\":[{\"@type\":\"SearchAction\",\"target\":{\"@type\":\"EntryPoint\",\"urlTemplate\":\"https:\/\/vivamedya.com\/radyo\/?s={search_term_string}\"},\"query-input\":{\"@type\":\"PropertyValueSpecification\",\"valueRequired\":true,\"valueName\":\"search_term_string\"}}],\"inLanguage\":\"tr\"},{\"@type\":\"Organization\",\"@id\":\"https:\/\/vivamedya.com\/radyo\/#organization\",\"name\":\"V\u0130VA MEDYA - Kurumsal Radyo Yay\u0131n Hizmeti\",\"url\":\"https:\/\/vivamedya.com\/radyo\/\",\"logo\":{\"@type\":\"ImageObject\",\"inLanguage\":\"tr\",\"@id\":\"https:\/\/vivamedya.com\/radyo\/#\/schema\/logo\/image\/\",\"url\":\"https:\/\/vivamedya.com\/radyo\/wp-content\/uploads\/2020\/11\/viva-medya-logo.png\",\"contentUrl\":\"https:\/\/vivamedya.com\/radyo\/wp-content\/uploads\/2020\/11\/viva-medya-logo.png\",\"width\":301,\"height\":64,\"caption\":\"V\u0130VA MEDYA - Kurumsal Radyo Yay\u0131n Hizmeti\"},\"image\":{\"@id\":\"https:\/\/vivamedya.com\/radyo\/#\/schema\/logo\/image\/\"},\"sameAs\":[\"https:\/\/www.facebook.com\/vivamedya\/\",\"https:\/\/www.instagram.com\/viva_medya\/\"]},{\"@type\":\"Person\",\"@id\":\"https:\/\/vivamedya.com\/radyo\/#\/schema\/person\/5ced6796171ba52ed46f6c466d197def\",\"name\":\"vivamedya\"}]}<\/script>\n<!-- \/ Yoast SEO plugin. -->","yoast_head_json":{"title":"Al\u0131\u015fveri\u015f S\u0131ras\u0131nda M\u00fczik Neden \u00d6nemli? - V\u0130VA MEDYA","robots":{"index":"index","follow":"follow","max-snippet":"max-snippet:-1","max-image-preview":"max-image-preview:large","max-video-preview":"max-video-preview:-1"},"canonical":"https:\/\/vivamedya.com\/radyo\/alisveris-sirasinda-muzik-neden-onemli\/","og_locale":"tr_TR","og_type":"article","og_title":"Al\u0131\u015fveri\u015f S\u0131ras\u0131nda M\u00fczik Neden \u00d6nemli? - V\u0130VA MEDYA","og_description":"Al\u0131\u015fveri\u015f deneyiminin keyifli ve ak\u0131lda kal\u0131c\u0131 olmas\u0131nda bir\u00e7ok fakt\u00f6r etkili olabilir. Bu fakt\u00f6rlerin ba\u015f\u0131nda ise do\u011fru se\u00e7ilmi\u015f m\u00fczik yer al\u0131r. Al\u0131\u015fveri\u015f s\u0131ras\u0131nda \u00e7alan m\u00fczik, m\u00fc\u015fterilerin ma\u011fazada daha uzun s\u00fcre kalmas\u0131n\u0131 sa\u011flayarak al\u0131\u015fveri\u015f yapma isteklerini art\u0131rabilir. Bu etkiyi yaratman\u0131n en g\u00fcvenli ve s\u00fcrd\u00fcr\u00fclebilir yolu ise &#8220;yasal m\u00fczik&#8221; kullanmaktan ge\u00e7er. Ma\u011fazan\u0131zda \u00e7al\u0131nan her m\u00fczik, m\u00fc\u015fterilere sundu\u011funuz genel deneyimin bir par\u00e7as\u0131 olarak markan\u0131z\u0131n kalitesini yans\u0131t\u0131r. M\u00fczik, al\u0131\u015fveri\u015f s\u0131ras\u0131nda sadece e\u011flenceli bir arka plan sesi de\u011fil, ayn\u0131 zamanda m\u00fc\u015fterilerin ruh halini etkileyen \u00f6nemli bir unsurdur. Yava\u015f tempolu, sakin bir m\u00fczik, m\u00fc\u015fterilerin ma\u011fazada daha uzun s\u00fcre kalmalar\u0131n\u0131 sa\u011flarken; daha h\u0131zl\u0131 tempolu m\u00fczikler, enerji dolu bir atmosfer yaratarak sat\u0131n alma h\u0131z\u0131n\u0131 art\u0131rabilir. Ancak, do\u011fru m\u00fczik se\u00e7imi kadar \u00f6nemli bir ba\u015fka konu da m\u00fczi\u011fin telif haklar\u0131na uygun olmas\u0131d\u0131r. &#8220;Telifsiz m\u00fczik&#8221; ya da &#8220;yasal m\u00fczik&#8221; kullan\u0131m\u0131, markan\u0131z\u0131 hukuki sorunlardan koruyarak sorunsuz bir al\u0131\u015fveri\u015f deneyimi sunman\u0131za yard\u0131mc\u0131 olur. Markalar Neden Al\u0131\u015fveri\u015f S\u0131ras\u0131nda M\u00fczi\u011fe \u00d6nem Veriyor? G\u00fcn\u00fcm\u00fczde markalar, m\u00fc\u015fteri deneyimini g\u00fc\u00e7lendirmek ve al\u0131\u015fveri\u015f ortam\u0131n\u0131 daha \u00e7ekici hale getirmek i\u00e7in m\u00fczik kullan\u0131yor. &#8220;Al\u0131\u015fveri\u015f m\u00fczikleri&#8220;, ma\u011fazan\u0131n atmosferini belirleyen ve m\u00fc\u015fterilerin ma\u011fazayla ba\u011f kurmas\u0131n\u0131 sa\u011flayan en \u00f6nemli unsurlardan biri olarak kabul ediliyor. Do\u011fru m\u00fczik se\u00e7imi, m\u00fc\u015fteri davran\u0131\u015flar\u0131n\u0131 olumlu y\u00f6nde etkileyebilir ve al\u0131\u015fveri\u015f deneyimini zenginle\u015ftirebilir. \u00d6zellikle &#8220;yasal m\u00fczik&#8221; kullan\u0131m\u0131, markalar\u0131n hem profesyonelliklerini hem de sorumluluklar\u0131n\u0131 g\u00f6sterir. M\u00fczi\u011fin al\u0131\u015fveri\u015f \u00fczerindeki etkisini fark eden markalar, al\u0131\u015fveri\u015f m\u00fczikleri konusunda titiz davranarak m\u00fc\u015fterilerine en iyi deneyimi sunmak i\u00e7in profesyonel \u00e7\u00f6z\u00fcmler ararlar. Bunun en b\u00fcy\u00fck nedenlerinden biri, m\u00fc\u015fterilerin ma\u011fazada ne kadar uzun kal\u0131rsa, o kadar fazla al\u0131\u015fveri\u015f yapma olas\u0131l\u0131klar\u0131n\u0131n artmas\u0131d\u0131r. Ayr\u0131ca, m\u00fczi\u011fin marka imaj\u0131n\u0131 g\u00fc\u00e7lendiren bir unsur olmas\u0131, m\u00fczik se\u00e7iminde daha dikkatli olmalar\u0131n\u0131 zorunlu k\u0131lar. M\u00fczik Perakende Sekt\u00f6r\u00fc \u0130\u00e7in Niye Bu Kadar \u00d6nemli? Perakende sekt\u00f6r\u00fcnde m\u00fc\u015fteri memnuniyetini sa\u011flamak, sadakati art\u0131rmak ve sat\u0131\u015flar\u0131 y\u00fckseltmek i\u00e7in kullan\u0131lan ara\u00e7lardan biri m\u00fcziktir. M\u00fczi\u011fin perakende ma\u011fazalar\u0131nda yaratabilece\u011fi etkiler \u00fczerine yap\u0131lan ara\u015ft\u0131rmalar, do\u011fru se\u00e7ilen m\u00fczi\u011fin m\u00fc\u015fterilerin al\u0131\u015fveri\u015f davran\u0131\u015flar\u0131n\u0131 do\u011frudan etkiledi\u011fini g\u00f6stermektedir. &#8220;Al\u0131\u015fveri\u015f m\u00fczikleri&#8221; bu nedenle perakende sekt\u00f6r\u00fc i\u00e7in hayati \u00f6nem ta\u015f\u0131r. Perakende sekt\u00f6r\u00fcnde ba\u015far\u0131l\u0131 olmak isteyen markalar, hem marka imaj\u0131n\u0131 g\u00fc\u00e7lendirmek hem de m\u00fc\u015fteri deneyimini iyile\u015ftirmek amac\u0131yla profesyonel &#8220;yasal m\u00fczik&#8221; \u00e7\u00f6z\u00fcmleri ararlar. Ayr\u0131ca, ma\u011faza sahipleri, telif hakk\u0131 ihlallerinden ka\u00e7\u0131nmak i\u00e7in &#8220;telifsiz m\u00fczik&#8221; se\u00e7eneklerine y\u00f6nelerek kendilerini hukuki risklerden koruyabilirler. Bu sayede ma\u011fazalarda yarat\u0131lan g\u00fcvenilir ve profesyonel ortam, m\u00fc\u015fteri sadakatini art\u0131rmada da b\u00fcy\u00fck rol oynar. Sonu\u00e7 olarak, al\u0131\u015fveri\u015f s\u0131ras\u0131nda kullan\u0131lan m\u00fczikler, ma\u011fazan\u0131n genel atmosferini belirlerken, markan\u0131n m\u00fc\u015fteriye sundu\u011fu deneyimi do\u011frudan etkiler. Viva Medya olarak, 2014 y\u0131l\u0131ndan bu yana markalara yasal ve profesyonel m\u00fczik \u00e7\u00f6z\u00fcmleri sunarak, ma\u011fazalarda en iyi al\u0131\u015fveri\u015f deneyimini yaratmaya devam ediyoruz.","og_url":"https:\/\/vivamedya.com\/radyo\/alisveris-sirasinda-muzik-neden-onemli\/","og_site_name":"V\u0130VA MEDYA","article_publisher":"https:\/\/www.facebook.com\/vivamedya\/","article_published_time":"2024-09-26T07:36:59+00:00","article_modified_time":"2026-04-18T21:13:28+00:00","og_image":[{"width":900,"height":600,"url":"https:\/\/vivamedya.com\/radyo\/wp-content\/uploads\/2024\/09\/alisveris-muzikleri-viva-medya.webp","type":"image\/webp"}],"author":"vivamedya","twitter_card":"summary_large_image","twitter_misc":{"Yazan:":"vivamedya","Tahmini okuma s\u00fcresi":"3 dakika"},"schema":{"@context":"https:\/\/schema.org","@graph":[{"@type":"Article","@id":"https:\/\/vivamedya.com\/radyo\/alisveris-sirasinda-muzik-neden-onemli\/#article","isPartOf":{"@id":"https:\/\/vivamedya.com\/radyo\/alisveris-sirasinda-muzik-neden-onemli\/"},"author":{"name":"vivamedya","@id":"https:\/\/vivamedya.com\/radyo\/#\/schema\/person\/5ced6796171ba52ed46f6c466d197def"},"headline":"Al\u0131\u015fveri\u015f S\u0131ras\u0131nda M\u00fczik Neden \u00d6nemli?","datePublished":"2024-09-26T07:36:59+00:00","dateModified":"2026-04-18T21:13:28+00:00","mainEntityOfPage":{"@id":"https:\/\/vivamedya.com\/radyo\/alisveris-sirasinda-muzik-neden-onemli\/"},"wordCount":625,"publisher":{"@id":"https:\/\/vivamedya.com\/radyo\/#organization"},"image":{"@id":"https:\/\/vivamedya.com\/radyo\/alisveris-sirasinda-muzik-neden-onemli\/#primaryimage"},"thumbnailUrl":"https:\/\/vivamedya.com\/radyo\/wp-content\/uploads\/2024\/09\/alisveris-muzikleri-viva-medya.webp","articleSection":["V\u0130VA MEDYA"],"inLanguage":"tr"},{"@type":"WebPage","@id":"https:\/\/vivamedya.com\/radyo\/alisveris-sirasinda-muzik-neden-onemli\/","url":"https:\/\/vivamedya.com\/radyo\/alisveris-sirasinda-muzik-neden-onemli\/","name":"Al\u0131\u015fveri\u015f S\u0131ras\u0131nda M\u00fczik Neden \u00d6nemli? - V\u0130VA MEDYA","isPartOf":{"@id":"https:\/\/vivamedya.com\/radyo\/#website"},"primaryImageOfPage":{"@id":"https:\/\/vivamedya.com\/radyo\/alisveris-sirasinda-muzik-neden-onemli\/#primaryimage"},"image":{"@id":"https:\/\/vivamedya.com\/radyo\/alisveris-sirasinda-muzik-neden-onemli\/#primaryimage"},"thumbnailUrl":"https:\/\/vivamedya.com\/radyo\/wp-content\/uploads\/2024\/09\/alisveris-muzikleri-viva-medya.webp","datePublished":"2024-09-26T07:36:59+00:00","dateModified":"2026-04-18T21:13:28+00:00","breadcrumb":{"@id":"https:\/\/vivamedya.com\/radyo\/alisveris-sirasinda-muzik-neden-onemli\/#breadcrumb"},"inLanguage":"tr","potentialAction":[{"@type":"ReadAction","target":["https:\/\/vivamedya.com\/radyo\/alisveris-sirasinda-muzik-neden-onemli\/"]}]},{"@type":"ImageObject","inLanguage":"tr","@id":"https:\/\/vivamedya.com\/radyo\/alisveris-sirasinda-muzik-neden-onemli\/#primaryimage","url":"https:\/\/vivamedya.com\/radyo\/wp-content\/uploads\/2024\/09\/alisveris-muzikleri-viva-medya.webp","contentUrl":"https:\/\/vivamedya.com\/radyo\/wp-content\/uploads\/2024\/09\/alisveris-muzikleri-viva-medya.webp","width":900,"height":600,"caption":"alisveris-muzikleri-viva-medya"},{"@type":"BreadcrumbList","@id":"https:\/\/vivamedya.com\/radyo\/alisveris-sirasinda-muzik-neden-onemli\/#breadcrumb","itemListElement":[{"@type":"ListItem","position":1,"name":"Anasayfa","item":"https:\/\/vivamedya.com\/radyo\/"},{"@type":"ListItem","position":2,"name":"Al\u0131\u015fveri\u015f S\u0131ras\u0131nda M\u00fczik Neden \u00d6nemli?"}]},{"@type":"WebSite","@id":"https:\/\/vivamedya.com\/radyo\/#website","url":"https:\/\/vivamedya.com\/radyo\/","name":"V\u0130VA MEDYA - Corporate Radio | Store Radio | Store Music","description":"Corporate Radio | Store Radio | Store Music","publisher":{"@id":"https:\/\/vivamedya.com\/radyo\/#organization"},"potentialAction":[{"@type":"SearchAction","target":{"@type":"EntryPoint","urlTemplate":"https:\/\/vivamedya.com\/radyo\/?s={search_term_string}"},"query-input":{"@type":"PropertyValueSpecification","valueRequired":true,"valueName":"search_term_string"}}],"inLanguage":"tr"},{"@type":"Organization","@id":"https:\/\/vivamedya.com\/radyo\/#organization","name":"V\u0130VA MEDYA - Kurumsal Radyo Yay\u0131n Hizmeti","url":"https:\/\/vivamedya.com\/radyo\/","logo":{"@type":"ImageObject","inLanguage":"tr","@id":"https:\/\/vivamedya.com\/radyo\/#\/schema\/logo\/image\/","url":"https:\/\/vivamedya.com\/radyo\/wp-content\/uploads\/2020\/11\/viva-medya-logo.png","contentUrl":"https:\/\/vivamedya.com\/radyo\/wp-content\/uploads\/2020\/11\/viva-medya-logo.png","width":301,"height":64,"caption":"V\u0130VA MEDYA - Kurumsal Radyo Yay\u0131n Hizmeti"},"image":{"@id":"https:\/\/vivamedya.com\/radyo\/#\/schema\/logo\/image\/"},"sameAs":["https:\/\/www.facebook.com\/vivamedya\/","https:\/\/www.instagram.com\/viva_medya\/"]},{"@type":"Person","@id":"https:\/\/vivamedya.com\/radyo\/#\/schema\/person\/5ced6796171ba52ed46f6c466d197def","name":"vivamedya"}]}},"_links":{"self":[{"href":"https:\/\/vivamedya.com\/radyo\/wp-json\/wp\/v2\/posts\/1596","targetHints":{"allow":["GET"]}}],"collection":[{"href":"https:\/\/vivamedya.com\/radyo\/wp-json\/wp\/v2\/posts"}],"about":[{"href":"https:\/\/vivamedya.com\/radyo\/wp-json\/wp\/v2\/types\/post"}],"author":[{"embeddable":true,"href":"https:\/\/vivamedya.com\/radyo\/wp-json\/wp\/v2\/users\/1"}],"replies":[{"embeddable":true,"href":"https:\/\/vivamedya.com\/radyo\/wp-json\/wp\/v2\/comments?post=1596"}],"version-history":[{"count":9,"href":"https:\/\/vivamedya.com\/radyo\/wp-json\/wp\/v2\/posts\/1596\/revisions"}],"predecessor-version":[{"id":3184,"href":"https:\/\/vivamedya.com\/radyo\/wp-json\/wp\/v2\/posts\/1596\/revisions\/3184"}],"wp:featuredmedia":[{"embeddable":true,"href":"https:\/\/vivamedya.com\/radyo\/wp-json\/wp\/v2\/media\/1598"}],"wp:attachment":[{"href":"https:\/\/vivamedya.com\/radyo\/wp-json\/wp\/v2\/media?parent=1596"}],"wp:term":[{"taxonomy":"category","embeddable":true,"href":"https:\/\/vivamedya.com\/radyo\/wp-json\/wp\/v2\/categories?post=1596"},{"taxonomy":"post_tag","embeddable":true,"href":"https:\/\/vivamedya.com\/radyo\/wp-json\/wp\/v2\/tags?post=1596"}],"curies":[{"name":"wp","href":"https:\/\/api.w.org\/{rel}","templated":true}]}}