{"id":160,"date":"2018-07-12T18:40:01","date_gmt":"2018-07-12T15:40:01","guid":{"rendered":"https:\/\/vivamedya.com\/radyo\/?p=160"},"modified":"2026-04-19T00:21:14","modified_gmt":"2026-04-18T21:21:14","slug":"youtubeda-yer-alan-telifsiz-muzikler-magazada-kullanilir-mi","status":"publish","type":"post","link":"https:\/\/vivamedya.com\/radyo\/youtubeda-yer-alan-telifsiz-muzikler-magazada-kullanilir-mi\/","title":{"rendered":"Youtube\u2019da yer alan telifsiz m\u00fczikler ma\u011fazada kullan\u0131l\u0131r m\u0131?"},"content":{"rendered":"\t\t<div data-elementor-type=\"wp-post\" data-elementor-id=\"160\" class=\"elementor elementor-160\">\n\t\t\t\t\t\t<section class=\"elementor-section elementor-top-section elementor-element elementor-element-17bf7d68 elementor-section-boxed elementor-section-height-default elementor-section-height-default wpr-particle-no wpr-jarallax-no wpr-parallax-no wpr-sticky-section-no\" data-id=\"17bf7d68\" data-element_type=\"section\" data-e-type=\"section\">\n\t\t\t\t\t\t<div class=\"elementor-container elementor-column-gap-default\">\n\t\t\t\t\t<div class=\"elementor-column elementor-col-100 elementor-top-column elementor-element elementor-element-bf7e2f\" data-id=\"bf7e2f\" data-element_type=\"column\" data-e-type=\"column\">\n\t\t\t<div class=\"elementor-widget-wrap elementor-element-populated\">\n\t\t\t\t\t\t<div class=\"elementor-element elementor-element-373e15e6 elementor-widget elementor-widget-text-editor\" data-id=\"373e15e6\" data-element_type=\"widget\" data-e-type=\"widget\" data-widget_type=\"text-editor.default\">\n\t\t\t\t<div class=\"elementor-widget-container\">\n\t\t\t\t\t\t\t\t\t<p>Firma ve i\u015fletmelerin ma\u011fazalar\u0131nda yapacaklar\u0131 <strong>m\u00fczik yay\u0131n\u0131nda telif hakk\u0131<\/strong> problemi ya\u015famamalar\u0131 gerekmektedir. Bu durumda ya meslek birlikleri ile anla\u015farak m\u00fczik yay\u0131n\u0131 yapacak ya da <strong>telifli m\u00fczik<\/strong> yay\u0131n\u0131 yapan<strong> kurumsal radyo yay\u0131n \u015firketleriyle<\/strong> anla\u015facaklard\u0131r. Kurumsal m\u00fczik yay\u0131n\u0131 yapan \u015firketlerin ar\u015fivlerinde yer alan \u015fark\u0131lar ya tamamen telif haklar\u0131 bu \u015firkete ait olan \u015fark\u0131lard\u0131r ya da telifli m\u00fczik ar\u015fivi sa\u011flayan arac\u0131 bir \u015firketin anla\u015fma kar\u015f\u0131l\u0131\u011f\u0131nda m\u00fczik k\u00fct\u00fcphanesini kullanmaktad\u0131rlar.<\/p><h2><strong>Peki Youtube\u2019da yer alan telifsiz \u015fark\u0131lar\u0131 firmalar kendi ma\u011faza ve i\u015fletmelerinde kullanabiliyor mu?<\/strong><\/h2><p><strong>Youtube\u2019da telifsiz m\u00fczikler<\/strong> yer almaktad\u0131r. Bu m\u00fcziklerin Youtube\u2019da telifsiz olarak yer almas\u0131 demek herkesin, her ortamda ve her mecrada bu \u015fark\u0131lar\u0131 kullanabilmesi anlam\u0131na gelmemektedir. Kurumsal m\u00fczik yay\u0131n\u0131 baz\u0131nda bu \u015fark\u0131lar\u0131 ele al\u0131rsak <strong>Youtube\u2019da yer alan <a href=\"https:\/\/vivamedya.com\/radyo\/telifsiz-hareketli-magaza-muzikleri\/\">telifsiz m\u00fczikleri<\/a> ma\u011fazalar\u0131n\u0131zda kullanman\u0131z m\u00fcmk\u00fcn de\u011fildir.<\/strong> \u00c7\u00fcnk\u00fc bu \u015fark\u0131lar asl\u0131nda telif haklar\u0131 Youtube\u2019a ait olan \u015fark\u0131lard\u0131r. Nas\u0131l olsa telifsiz \u015fark\u0131lar diyerek i\u015fletmenizde \u00e7alaca\u011f\u0131n\u0131z bu \u015fark\u0131lar sizlere can s\u0131k\u0131c\u0131 cezalar olarak geri d\u00f6nebilir.<br \/>Youtube\u2019daki bu \u015fark\u0131lar \u00e7o\u011funlukla youtuberlar\u0131n kendi videolar\u0131nda kullanmas\u0131 amac\u0131yla site b\u00fcnyesinde yer alan \u015fark\u0131lard\u0131r. Bu \u015fark\u0131lar\u0131n Youtube\u2019dan onay al\u0131nmadan farkl\u0131 bir mecrada kullan\u0131lmas\u0131 halinde telif hakk\u0131 d\u0131\u015f\u0131na \u00e7\u0131k\u0131lm\u0131\u015f olur ve <strong>Youtube\u2019a telif hakk\u0131 \u00f6demek zorunda kal\u0131rs\u0131n\u0131z.<\/strong><\/p>\t\t\t\t\t\t\t\t<\/div>\n\t\t\t\t<\/div>\n\t\t\t\t\t<\/div>\n\t\t<\/div>\n\t\t\t\t\t<\/div>\n\t\t<\/section>\n\t\t\t\t<\/div>\n\t\t","protected":false},"excerpt":{"rendered":"<p>Firma ve i\u015fletmelerin ma\u011fazalar\u0131nda yapacaklar\u0131 m\u00fczik yay\u0131n\u0131nda telif hakk\u0131 problemi ya\u015famamalar\u0131 gerekmektedir. Bu durumda ya meslek birlikleri ile anla\u015farak m\u00fczik yay\u0131n\u0131 yapacak ya da telifli m\u00fczik yay\u0131n\u0131 yapan kurumsal radyo yay\u0131n \u015firketleriyle anla\u015facaklard\u0131r. Kurumsal m\u00fczik yay\u0131n\u0131 yapan \u015firketlerin ar\u015fivlerinde yer alan \u015fark\u0131lar ya tamamen telif haklar\u0131 bu \u015firkete ait olan \u015fark\u0131lard\u0131r ya da telifli m\u00fczik ar\u015fivi sa\u011flayan arac\u0131 bir \u015firketin anla\u015fma kar\u015f\u0131l\u0131\u011f\u0131nda m\u00fczik k\u00fct\u00fcphanesini kullanmaktad\u0131rlar. Peki Youtube\u2019da yer alan telifsiz \u015fark\u0131lar\u0131 firmalar kendi ma\u011faza ve i\u015fletmelerinde kullanabiliyor mu? Youtube\u2019da telifsiz m\u00fczikler yer almaktad\u0131r. Bu m\u00fcziklerin Youtube\u2019da telifsiz olarak yer almas\u0131 demek herkesin, her ortamda ve her mecrada bu \u015fark\u0131lar\u0131 kullanabilmesi anlam\u0131na gelmemektedir. Kurumsal m\u00fczik yay\u0131n\u0131 baz\u0131nda bu \u015fark\u0131lar\u0131 ele al\u0131rsak Youtube\u2019da yer alan telifsiz m\u00fczikleri ma\u011fazalar\u0131n\u0131zda kullanman\u0131z m\u00fcmk\u00fcn de\u011fildir. \u00c7\u00fcnk\u00fc bu \u015fark\u0131lar asl\u0131nda telif haklar\u0131 Youtube\u2019a ait olan \u015fark\u0131lard\u0131r. Nas\u0131l olsa telifsiz \u015fark\u0131lar diyerek i\u015fletmenizde \u00e7alaca\u011f\u0131n\u0131z bu \u015fark\u0131lar sizlere can s\u0131k\u0131c\u0131 cezalar olarak geri d\u00f6nebilir.Youtube\u2019daki bu \u015fark\u0131lar \u00e7o\u011funlukla youtuberlar\u0131n kendi videolar\u0131nda kullanmas\u0131 amac\u0131yla site b\u00fcnyesinde yer alan \u015fark\u0131lard\u0131r. Bu \u015fark\u0131lar\u0131n Youtube\u2019dan onay al\u0131nmadan farkl\u0131 bir mecrada kullan\u0131lmas\u0131 halinde telif hakk\u0131 d\u0131\u015f\u0131na \u00e7\u0131k\u0131lm\u0131\u015f olur ve Youtube\u2019a telif hakk\u0131 \u00f6demek zorunda kal\u0131rs\u0131n\u0131z.<\/p>\n","protected":false},"author":1,"featured_media":161,"comment_status":"closed","ping_status":"open","sticky":false,"template":"","format":"standard","meta":{"h5ap_radio_sources":[],"footnotes":""},"categories":[1],"tags":[],"class_list":["post-160","post","type-post","status-publish","format-standard","has-post-thumbnail","hentry","category-viva-medya"],"yoast_head":"<!-- This site is optimized with the Yoast SEO plugin v26.9 - https:\/\/yoast.com\/product\/yoast-seo-wordpress\/ -->\n<title>Youtube\u2019da yer alan telifsiz m\u00fczikler ma\u011fazada kullan\u0131l\u0131r m\u0131? - V\u0130VA MEDYA<\/title>\n<meta name=\"robots\" content=\"index, follow, max-snippet:-1, max-image-preview:large, max-video-preview:-1\" \/>\n<link rel=\"canonical\" href=\"https:\/\/vivamedya.com\/radyo\/youtubeda-yer-alan-telifsiz-muzikler-magazada-kullanilir-mi\/\" \/>\n<meta property=\"og:locale\" content=\"tr_TR\" \/>\n<meta property=\"og:type\" content=\"article\" \/>\n<meta property=\"og:title\" content=\"Youtube\u2019da yer alan telifsiz m\u00fczikler ma\u011fazada kullan\u0131l\u0131r m\u0131? - V\u0130VA MEDYA\" \/>\n<meta property=\"og:description\" content=\"Firma ve i\u015fletmelerin ma\u011fazalar\u0131nda yapacaklar\u0131 m\u00fczik yay\u0131n\u0131nda telif hakk\u0131 problemi ya\u015famamalar\u0131 gerekmektedir. Bu durumda ya meslek birlikleri ile anla\u015farak m\u00fczik yay\u0131n\u0131 yapacak ya da telifli m\u00fczik yay\u0131n\u0131 yapan kurumsal radyo yay\u0131n \u015firketleriyle anla\u015facaklard\u0131r. Kurumsal m\u00fczik yay\u0131n\u0131 yapan \u015firketlerin ar\u015fivlerinde yer alan \u015fark\u0131lar ya tamamen telif haklar\u0131 bu \u015firkete ait olan \u015fark\u0131lard\u0131r ya da telifli m\u00fczik ar\u015fivi sa\u011flayan arac\u0131 bir \u015firketin anla\u015fma kar\u015f\u0131l\u0131\u011f\u0131nda m\u00fczik k\u00fct\u00fcphanesini kullanmaktad\u0131rlar. Peki Youtube\u2019da yer alan telifsiz \u015fark\u0131lar\u0131 firmalar kendi ma\u011faza ve i\u015fletmelerinde kullanabiliyor mu? Youtube\u2019da telifsiz m\u00fczikler yer almaktad\u0131r. Bu m\u00fcziklerin Youtube\u2019da telifsiz olarak yer almas\u0131 demek herkesin, her ortamda ve her mecrada bu \u015fark\u0131lar\u0131 kullanabilmesi anlam\u0131na gelmemektedir. Kurumsal m\u00fczik yay\u0131n\u0131 baz\u0131nda bu \u015fark\u0131lar\u0131 ele al\u0131rsak Youtube\u2019da yer alan telifsiz m\u00fczikleri ma\u011fazalar\u0131n\u0131zda kullanman\u0131z m\u00fcmk\u00fcn de\u011fildir. \u00c7\u00fcnk\u00fc bu \u015fark\u0131lar asl\u0131nda telif haklar\u0131 Youtube\u2019a ait olan \u015fark\u0131lard\u0131r. Nas\u0131l olsa telifsiz \u015fark\u0131lar diyerek i\u015fletmenizde \u00e7alaca\u011f\u0131n\u0131z bu \u015fark\u0131lar sizlere can s\u0131k\u0131c\u0131 cezalar olarak geri d\u00f6nebilir.Youtube\u2019daki bu \u015fark\u0131lar \u00e7o\u011funlukla youtuberlar\u0131n kendi videolar\u0131nda kullanmas\u0131 amac\u0131yla site b\u00fcnyesinde yer alan \u015fark\u0131lard\u0131r. Bu \u015fark\u0131lar\u0131n Youtube\u2019dan onay al\u0131nmadan farkl\u0131 bir mecrada kullan\u0131lmas\u0131 halinde telif hakk\u0131 d\u0131\u015f\u0131na \u00e7\u0131k\u0131lm\u0131\u015f olur ve Youtube\u2019a telif hakk\u0131 \u00f6demek zorunda kal\u0131rs\u0131n\u0131z.\" \/>\n<meta property=\"og:url\" content=\"https:\/\/vivamedya.com\/radyo\/youtubeda-yer-alan-telifsiz-muzikler-magazada-kullanilir-mi\/\" \/>\n<meta property=\"og:site_name\" content=\"V\u0130VA MEDYA\" \/>\n<meta property=\"article:publisher\" content=\"https:\/\/www.facebook.com\/vivamedya\/\" \/>\n<meta property=\"article:published_time\" content=\"2018-07-12T15:40:01+00:00\" \/>\n<meta property=\"article:modified_time\" content=\"2026-04-18T21:21:14+00:00\" \/>\n<meta property=\"og:image\" content=\"https:\/\/vivamedya.com\/radyo\/wp-content\/uploads\/2018\/07\/youtube_music_.jpg\" \/>\n\t<meta property=\"og:image:width\" content=\"600\" \/>\n\t<meta property=\"og:image:height\" content=\"229\" \/>\n\t<meta property=\"og:image:type\" content=\"image\/jpeg\" \/>\n<meta name=\"author\" content=\"vivamedya\" \/>\n<meta name=\"twitter:card\" content=\"summary_large_image\" \/>\n<meta name=\"twitter:label1\" content=\"Yazan:\" \/>\n\t<meta name=\"twitter:data1\" content=\"vivamedya\" \/>\n\t<meta name=\"twitter:label2\" content=\"Tahmini okuma s\u00fcresi\" \/>\n\t<meta name=\"twitter:data2\" content=\"2 dakika\" \/>\n<script type=\"application\/ld+json\" class=\"yoast-schema-graph\">{\"@context\":\"https:\/\/schema.org\",\"@graph\":[{\"@type\":\"Article\",\"@id\":\"https:\/\/vivamedya.com\/radyo\/youtubeda-yer-alan-telifsiz-muzikler-magazada-kullanilir-mi\/#article\",\"isPartOf\":{\"@id\":\"https:\/\/vivamedya.com\/radyo\/youtubeda-yer-alan-telifsiz-muzikler-magazada-kullanilir-mi\/\"},\"author\":{\"name\":\"vivamedya\",\"@id\":\"https:\/\/vivamedya.com\/radyo\/#\/schema\/person\/5ced6796171ba52ed46f6c466d197def\"},\"headline\":\"Youtube\u2019da yer alan telifsiz m\u00fczikler ma\u011fazada kullan\u0131l\u0131r m\u0131?\",\"datePublished\":\"2018-07-12T15:40:01+00:00\",\"dateModified\":\"2026-04-18T21:21:14+00:00\",\"mainEntityOfPage\":{\"@id\":\"https:\/\/vivamedya.com\/radyo\/youtubeda-yer-alan-telifsiz-muzikler-magazada-kullanilir-mi\/\"},\"wordCount\":284,\"publisher\":{\"@id\":\"https:\/\/vivamedya.com\/radyo\/#organization\"},\"image\":{\"@id\":\"https:\/\/vivamedya.com\/radyo\/youtubeda-yer-alan-telifsiz-muzikler-magazada-kullanilir-mi\/#primaryimage\"},\"thumbnailUrl\":\"https:\/\/vivamedya.com\/radyo\/wp-content\/uploads\/2018\/07\/youtube_music_.jpg\",\"articleSection\":[\"V\u0130VA MEDYA\"],\"inLanguage\":\"tr\"},{\"@type\":\"WebPage\",\"@id\":\"https:\/\/vivamedya.com\/radyo\/youtubeda-yer-alan-telifsiz-muzikler-magazada-kullanilir-mi\/\",\"url\":\"https:\/\/vivamedya.com\/radyo\/youtubeda-yer-alan-telifsiz-muzikler-magazada-kullanilir-mi\/\",\"name\":\"Youtube\u2019da yer alan telifsiz m\u00fczikler ma\u011fazada kullan\u0131l\u0131r m\u0131? - V\u0130VA MEDYA\",\"isPartOf\":{\"@id\":\"https:\/\/vivamedya.com\/radyo\/#website\"},\"primaryImageOfPage\":{\"@id\":\"https:\/\/vivamedya.com\/radyo\/youtubeda-yer-alan-telifsiz-muzikler-magazada-kullanilir-mi\/#primaryimage\"},\"image\":{\"@id\":\"https:\/\/vivamedya.com\/radyo\/youtubeda-yer-alan-telifsiz-muzikler-magazada-kullanilir-mi\/#primaryimage\"},\"thumbnailUrl\":\"https:\/\/vivamedya.com\/radyo\/wp-content\/uploads\/2018\/07\/youtube_music_.jpg\",\"datePublished\":\"2018-07-12T15:40:01+00:00\",\"dateModified\":\"2026-04-18T21:21:14+00:00\",\"breadcrumb\":{\"@id\":\"https:\/\/vivamedya.com\/radyo\/youtubeda-yer-alan-telifsiz-muzikler-magazada-kullanilir-mi\/#breadcrumb\"},\"inLanguage\":\"tr\",\"potentialAction\":[{\"@type\":\"ReadAction\",\"target\":[\"https:\/\/vivamedya.com\/radyo\/youtubeda-yer-alan-telifsiz-muzikler-magazada-kullanilir-mi\/\"]}]},{\"@type\":\"ImageObject\",\"inLanguage\":\"tr\",\"@id\":\"https:\/\/vivamedya.com\/radyo\/youtubeda-yer-alan-telifsiz-muzikler-magazada-kullanilir-mi\/#primaryimage\",\"url\":\"https:\/\/vivamedya.com\/radyo\/wp-content\/uploads\/2018\/07\/youtube_music_.jpg\",\"contentUrl\":\"https:\/\/vivamedya.com\/radyo\/wp-content\/uploads\/2018\/07\/youtube_music_.jpg\",\"width\":600,\"height\":229},{\"@type\":\"BreadcrumbList\",\"@id\":\"https:\/\/vivamedya.com\/radyo\/youtubeda-yer-alan-telifsiz-muzikler-magazada-kullanilir-mi\/#breadcrumb\",\"itemListElement\":[{\"@type\":\"ListItem\",\"position\":1,\"name\":\"Anasayfa\",\"item\":\"https:\/\/vivamedya.com\/radyo\/\"},{\"@type\":\"ListItem\",\"position\":2,\"name\":\"Youtube\u2019da yer alan telifsiz m\u00fczikler ma\u011fazada kullan\u0131l\u0131r m\u0131?\"}]},{\"@type\":\"WebSite\",\"@id\":\"https:\/\/vivamedya.com\/radyo\/#website\",\"url\":\"https:\/\/vivamedya.com\/radyo\/\",\"name\":\"V\u0130VA MEDYA - Corporate Radio | Store Radio | Store Music\",\"description\":\"Corporate Radio | Store Radio | Store Music\",\"publisher\":{\"@id\":\"https:\/\/vivamedya.com\/radyo\/#organization\"},\"potentialAction\":[{\"@type\":\"SearchAction\",\"target\":{\"@type\":\"EntryPoint\",\"urlTemplate\":\"https:\/\/vivamedya.com\/radyo\/?s={search_term_string}\"},\"query-input\":{\"@type\":\"PropertyValueSpecification\",\"valueRequired\":true,\"valueName\":\"search_term_string\"}}],\"inLanguage\":\"tr\"},{\"@type\":\"Organization\",\"@id\":\"https:\/\/vivamedya.com\/radyo\/#organization\",\"name\":\"V\u0130VA MEDYA - Kurumsal Radyo Yay\u0131n Hizmeti\",\"url\":\"https:\/\/vivamedya.com\/radyo\/\",\"logo\":{\"@type\":\"ImageObject\",\"inLanguage\":\"tr\",\"@id\":\"https:\/\/vivamedya.com\/radyo\/#\/schema\/logo\/image\/\",\"url\":\"https:\/\/vivamedya.com\/radyo\/wp-content\/uploads\/2020\/11\/viva-medya-logo.png\",\"contentUrl\":\"https:\/\/vivamedya.com\/radyo\/wp-content\/uploads\/2020\/11\/viva-medya-logo.png\",\"width\":301,\"height\":64,\"caption\":\"V\u0130VA MEDYA - Kurumsal Radyo Yay\u0131n Hizmeti\"},\"image\":{\"@id\":\"https:\/\/vivamedya.com\/radyo\/#\/schema\/logo\/image\/\"},\"sameAs\":[\"https:\/\/www.facebook.com\/vivamedya\/\",\"https:\/\/www.instagram.com\/viva_medya\/\"]},{\"@type\":\"Person\",\"@id\":\"https:\/\/vivamedya.com\/radyo\/#\/schema\/person\/5ced6796171ba52ed46f6c466d197def\",\"name\":\"vivamedya\"}]}<\/script>\n<!-- \/ Yoast SEO plugin. -->","yoast_head_json":{"title":"Youtube\u2019da yer alan telifsiz m\u00fczikler ma\u011fazada kullan\u0131l\u0131r m\u0131? - V\u0130VA MEDYA","robots":{"index":"index","follow":"follow","max-snippet":"max-snippet:-1","max-image-preview":"max-image-preview:large","max-video-preview":"max-video-preview:-1"},"canonical":"https:\/\/vivamedya.com\/radyo\/youtubeda-yer-alan-telifsiz-muzikler-magazada-kullanilir-mi\/","og_locale":"tr_TR","og_type":"article","og_title":"Youtube\u2019da yer alan telifsiz m\u00fczikler ma\u011fazada kullan\u0131l\u0131r m\u0131? - V\u0130VA MEDYA","og_description":"Firma ve i\u015fletmelerin ma\u011fazalar\u0131nda yapacaklar\u0131 m\u00fczik yay\u0131n\u0131nda telif hakk\u0131 problemi ya\u015famamalar\u0131 gerekmektedir. Bu durumda ya meslek birlikleri ile anla\u015farak m\u00fczik yay\u0131n\u0131 yapacak ya da telifli m\u00fczik yay\u0131n\u0131 yapan kurumsal radyo yay\u0131n \u015firketleriyle anla\u015facaklard\u0131r. Kurumsal m\u00fczik yay\u0131n\u0131 yapan \u015firketlerin ar\u015fivlerinde yer alan \u015fark\u0131lar ya tamamen telif haklar\u0131 bu \u015firkete ait olan \u015fark\u0131lard\u0131r ya da telifli m\u00fczik ar\u015fivi sa\u011flayan arac\u0131 bir \u015firketin anla\u015fma kar\u015f\u0131l\u0131\u011f\u0131nda m\u00fczik k\u00fct\u00fcphanesini kullanmaktad\u0131rlar. Peki Youtube\u2019da yer alan telifsiz \u015fark\u0131lar\u0131 firmalar kendi ma\u011faza ve i\u015fletmelerinde kullanabiliyor mu? Youtube\u2019da telifsiz m\u00fczikler yer almaktad\u0131r. Bu m\u00fcziklerin Youtube\u2019da telifsiz olarak yer almas\u0131 demek herkesin, her ortamda ve her mecrada bu \u015fark\u0131lar\u0131 kullanabilmesi anlam\u0131na gelmemektedir. Kurumsal m\u00fczik yay\u0131n\u0131 baz\u0131nda bu \u015fark\u0131lar\u0131 ele al\u0131rsak Youtube\u2019da yer alan telifsiz m\u00fczikleri ma\u011fazalar\u0131n\u0131zda kullanman\u0131z m\u00fcmk\u00fcn de\u011fildir. \u00c7\u00fcnk\u00fc bu \u015fark\u0131lar asl\u0131nda telif haklar\u0131 Youtube\u2019a ait olan \u015fark\u0131lard\u0131r. Nas\u0131l olsa telifsiz \u015fark\u0131lar diyerek i\u015fletmenizde \u00e7alaca\u011f\u0131n\u0131z bu \u015fark\u0131lar sizlere can s\u0131k\u0131c\u0131 cezalar olarak geri d\u00f6nebilir.Youtube\u2019daki bu \u015fark\u0131lar \u00e7o\u011funlukla youtuberlar\u0131n kendi videolar\u0131nda kullanmas\u0131 amac\u0131yla site b\u00fcnyesinde yer alan \u015fark\u0131lard\u0131r. Bu \u015fark\u0131lar\u0131n Youtube\u2019dan onay al\u0131nmadan farkl\u0131 bir mecrada kullan\u0131lmas\u0131 halinde telif hakk\u0131 d\u0131\u015f\u0131na \u00e7\u0131k\u0131lm\u0131\u015f olur ve Youtube\u2019a telif hakk\u0131 \u00f6demek zorunda kal\u0131rs\u0131n\u0131z.","og_url":"https:\/\/vivamedya.com\/radyo\/youtubeda-yer-alan-telifsiz-muzikler-magazada-kullanilir-mi\/","og_site_name":"V\u0130VA MEDYA","article_publisher":"https:\/\/www.facebook.com\/vivamedya\/","article_published_time":"2018-07-12T15:40:01+00:00","article_modified_time":"2026-04-18T21:21:14+00:00","og_image":[{"width":600,"height":229,"url":"https:\/\/vivamedya.com\/radyo\/wp-content\/uploads\/2018\/07\/youtube_music_.jpg","type":"image\/jpeg"}],"author":"vivamedya","twitter_card":"summary_large_image","twitter_misc":{"Yazan:":"vivamedya","Tahmini okuma s\u00fcresi":"2 dakika"},"schema":{"@context":"https:\/\/schema.org","@graph":[{"@type":"Article","@id":"https:\/\/vivamedya.com\/radyo\/youtubeda-yer-alan-telifsiz-muzikler-magazada-kullanilir-mi\/#article","isPartOf":{"@id":"https:\/\/vivamedya.com\/radyo\/youtubeda-yer-alan-telifsiz-muzikler-magazada-kullanilir-mi\/"},"author":{"name":"vivamedya","@id":"https:\/\/vivamedya.com\/radyo\/#\/schema\/person\/5ced6796171ba52ed46f6c466d197def"},"headline":"Youtube\u2019da yer alan telifsiz m\u00fczikler ma\u011fazada kullan\u0131l\u0131r m\u0131?","datePublished":"2018-07-12T15:40:01+00:00","dateModified":"2026-04-18T21:21:14+00:00","mainEntityOfPage":{"@id":"https:\/\/vivamedya.com\/radyo\/youtubeda-yer-alan-telifsiz-muzikler-magazada-kullanilir-mi\/"},"wordCount":284,"publisher":{"@id":"https:\/\/vivamedya.com\/radyo\/#organization"},"image":{"@id":"https:\/\/vivamedya.com\/radyo\/youtubeda-yer-alan-telifsiz-muzikler-magazada-kullanilir-mi\/#primaryimage"},"thumbnailUrl":"https:\/\/vivamedya.com\/radyo\/wp-content\/uploads\/2018\/07\/youtube_music_.jpg","articleSection":["V\u0130VA MEDYA"],"inLanguage":"tr"},{"@type":"WebPage","@id":"https:\/\/vivamedya.com\/radyo\/youtubeda-yer-alan-telifsiz-muzikler-magazada-kullanilir-mi\/","url":"https:\/\/vivamedya.com\/radyo\/youtubeda-yer-alan-telifsiz-muzikler-magazada-kullanilir-mi\/","name":"Youtube\u2019da yer alan telifsiz m\u00fczikler ma\u011fazada kullan\u0131l\u0131r m\u0131? - V\u0130VA MEDYA","isPartOf":{"@id":"https:\/\/vivamedya.com\/radyo\/#website"},"primaryImageOfPage":{"@id":"https:\/\/vivamedya.com\/radyo\/youtubeda-yer-alan-telifsiz-muzikler-magazada-kullanilir-mi\/#primaryimage"},"image":{"@id":"https:\/\/vivamedya.com\/radyo\/youtubeda-yer-alan-telifsiz-muzikler-magazada-kullanilir-mi\/#primaryimage"},"thumbnailUrl":"https:\/\/vivamedya.com\/radyo\/wp-content\/uploads\/2018\/07\/youtube_music_.jpg","datePublished":"2018-07-12T15:40:01+00:00","dateModified":"2026-04-18T21:21:14+00:00","breadcrumb":{"@id":"https:\/\/vivamedya.com\/radyo\/youtubeda-yer-alan-telifsiz-muzikler-magazada-kullanilir-mi\/#breadcrumb"},"inLanguage":"tr","potentialAction":[{"@type":"ReadAction","target":["https:\/\/vivamedya.com\/radyo\/youtubeda-yer-alan-telifsiz-muzikler-magazada-kullanilir-mi\/"]}]},{"@type":"ImageObject","inLanguage":"tr","@id":"https:\/\/vivamedya.com\/radyo\/youtubeda-yer-alan-telifsiz-muzikler-magazada-kullanilir-mi\/#primaryimage","url":"https:\/\/vivamedya.com\/radyo\/wp-content\/uploads\/2018\/07\/youtube_music_.jpg","contentUrl":"https:\/\/vivamedya.com\/radyo\/wp-content\/uploads\/2018\/07\/youtube_music_.jpg","width":600,"height":229},{"@type":"BreadcrumbList","@id":"https:\/\/vivamedya.com\/radyo\/youtubeda-yer-alan-telifsiz-muzikler-magazada-kullanilir-mi\/#breadcrumb","itemListElement":[{"@type":"ListItem","position":1,"name":"Anasayfa","item":"https:\/\/vivamedya.com\/radyo\/"},{"@type":"ListItem","position":2,"name":"Youtube\u2019da yer alan telifsiz m\u00fczikler ma\u011fazada kullan\u0131l\u0131r m\u0131?"}]},{"@type":"WebSite","@id":"https:\/\/vivamedya.com\/radyo\/#website","url":"https:\/\/vivamedya.com\/radyo\/","name":"V\u0130VA MEDYA - Corporate Radio | Store Radio | Store Music","description":"Corporate Radio | Store Radio | Store Music","publisher":{"@id":"https:\/\/vivamedya.com\/radyo\/#organization"},"potentialAction":[{"@type":"SearchAction","target":{"@type":"EntryPoint","urlTemplate":"https:\/\/vivamedya.com\/radyo\/?s={search_term_string}"},"query-input":{"@type":"PropertyValueSpecification","valueRequired":true,"valueName":"search_term_string"}}],"inLanguage":"tr"},{"@type":"Organization","@id":"https:\/\/vivamedya.com\/radyo\/#organization","name":"V\u0130VA MEDYA - Kurumsal Radyo Yay\u0131n Hizmeti","url":"https:\/\/vivamedya.com\/radyo\/","logo":{"@type":"ImageObject","inLanguage":"tr","@id":"https:\/\/vivamedya.com\/radyo\/#\/schema\/logo\/image\/","url":"https:\/\/vivamedya.com\/radyo\/wp-content\/uploads\/2020\/11\/viva-medya-logo.png","contentUrl":"https:\/\/vivamedya.com\/radyo\/wp-content\/uploads\/2020\/11\/viva-medya-logo.png","width":301,"height":64,"caption":"V\u0130VA MEDYA - Kurumsal Radyo Yay\u0131n Hizmeti"},"image":{"@id":"https:\/\/vivamedya.com\/radyo\/#\/schema\/logo\/image\/"},"sameAs":["https:\/\/www.facebook.com\/vivamedya\/","https:\/\/www.instagram.com\/viva_medya\/"]},{"@type":"Person","@id":"https:\/\/vivamedya.com\/radyo\/#\/schema\/person\/5ced6796171ba52ed46f6c466d197def","name":"vivamedya"}]}},"_links":{"self":[{"href":"https:\/\/vivamedya.com\/radyo\/wp-json\/wp\/v2\/posts\/160","targetHints":{"allow":["GET"]}}],"collection":[{"href":"https:\/\/vivamedya.com\/radyo\/wp-json\/wp\/v2\/posts"}],"about":[{"href":"https:\/\/vivamedya.com\/radyo\/wp-json\/wp\/v2\/types\/post"}],"author":[{"embeddable":true,"href":"https:\/\/vivamedya.com\/radyo\/wp-json\/wp\/v2\/users\/1"}],"replies":[{"embeddable":true,"href":"https:\/\/vivamedya.com\/radyo\/wp-json\/wp\/v2\/comments?post=160"}],"version-history":[{"count":6,"href":"https:\/\/vivamedya.com\/radyo\/wp-json\/wp\/v2\/posts\/160\/revisions"}],"predecessor-version":[{"id":3241,"href":"https:\/\/vivamedya.com\/radyo\/wp-json\/wp\/v2\/posts\/160\/revisions\/3241"}],"wp:featuredmedia":[{"embeddable":true,"href":"https:\/\/vivamedya.com\/radyo\/wp-json\/wp\/v2\/media\/161"}],"wp:attachment":[{"href":"https:\/\/vivamedya.com\/radyo\/wp-json\/wp\/v2\/media?parent=160"}],"wp:term":[{"taxonomy":"category","embeddable":true,"href":"https:\/\/vivamedya.com\/radyo\/wp-json\/wp\/v2\/categories?post=160"},{"taxonomy":"post_tag","embeddable":true,"href":"https:\/\/vivamedya.com\/radyo\/wp-json\/wp\/v2\/tags?post=160"}],"curies":[{"name":"wp","href":"https:\/\/api.w.org\/{rel}","templated":true}]}}