{"id":56,"date":"2018-03-01T01:02:34","date_gmt":"2018-02-28T22:02:34","guid":{"rendered":"https:\/\/vivamedya.com\/radyo\/?p=56"},"modified":"2026-04-19T00:25:20","modified_gmt":"2026-04-18T21:25:20","slug":"magazada-muzikler-neden-onemli","status":"publish","type":"post","link":"https:\/\/vivamedya.com\/radyo\/magazada-muzikler-neden-onemli\/","title":{"rendered":"Ma\u011fazada m\u00fczikler neden \u00f6nemli?"},"content":{"rendered":"\t\t<div data-elementor-type=\"wp-post\" data-elementor-id=\"56\" class=\"elementor elementor-56\">\n\t\t\t\t\t\t<section class=\"elementor-section elementor-top-section elementor-element elementor-element-d734d95 elementor-section-boxed elementor-section-height-default elementor-section-height-default wpr-particle-no wpr-jarallax-no wpr-parallax-no wpr-sticky-section-no\" data-id=\"d734d95\" data-element_type=\"section\" data-e-type=\"section\">\n\t\t\t\t\t\t<div class=\"elementor-container elementor-column-gap-default\">\n\t\t\t\t\t<div class=\"elementor-column elementor-col-100 elementor-top-column elementor-element elementor-element-272a22c\" data-id=\"272a22c\" data-element_type=\"column\" data-e-type=\"column\">\n\t\t\t<div class=\"elementor-widget-wrap elementor-element-populated\">\n\t\t\t\t\t\t<div class=\"elementor-element elementor-element-6c99c813 elementor-widget elementor-widget-text-editor\" data-id=\"6c99c813\" data-element_type=\"widget\" data-e-type=\"widget\" data-widget_type=\"text-editor.default\">\n\t\t\t\t<div class=\"elementor-widget-container\">\n\t\t\t\t\t\t\t\t\t<p>M\u00fczik, t\u00fcm insanlar taraf\u0131ndan kullan\u0131lan ortak dildir. M\u00fczik s\u00f6zlerinde ve etnik k\u00fclt\u00fcr\u00fcnde farkl\u0131l\u0131klar olmas\u0131na ra\u011fmen, ayn\u0131 d\u00fc\u015f\u00fcncelerde insanlar\u0131 bir araya getirir. Firmalar, pazarlama ileti\u015fimi arac\u0131 olarak, insanlar \u00fczerindeki uzun s\u00fcreli m\u00fczi\u011fin g\u00fc\u00e7l\u00fc etkisini kullan\u0131yor. M\u00fczik, duyusal pazarlaman\u0131n en \u00f6nemli ara\u00e7lar\u0131ndan biridir.<\/p><p>Bir\u00e7ok \u015firket, \u00f6zellikle de perakende sekt\u00f6r\u00fcnde faaliyet g\u00f6steren \u015firketler bilin\u00e7li olarak t\u00fcketicileri do\u011frudan etkilemek i\u00e7in m\u00fczik kullan\u0131yorlar. <strong>Ma\u011faza m\u00fczikleri<\/strong> ve <a href=\"https:\/\/vivamedya.com\/radyo\/magaza-anonslari\/\"><strong>ma\u011faza anonslar\u0131 <\/strong><\/a>m\u00fc\u015fterilerin beklentilerini ve taleplerini kar\u015f\u0131lamak i\u00e7in gerekli bir sistemdir. Ayr\u0131ca \u015firketler, \u00fcr\u00fcn ve fiyat a\u00e7\u0131s\u0131ndan \u00e7ok fazla fark yaratma \u015fans\u0131na sahip olmad\u0131\u011f\u0131ndan, benzersiz ma\u011faza atmosferi d\u0131\u015f\u0131nda <strong>ma\u011faza radyo sistemine<\/strong> ge\u00e7mek zorunda kal\u0131yorlar. Bu \u015fekilde <strong>m\u00fczik yay\u0131n\u0131<\/strong> ve <strong>kampanya anonslar\u0131yla<\/strong> m\u00fc\u015fterilerinin beklentilerini kar\u015f\u0131layabiliyorlar.<\/p><p><img fetchpriority=\"high\" decoding=\"async\" class=\"alignnone wp-image-58 size-full\" src=\"https:\/\/vivamedya.com\/radyo\/wp-content\/uploads\/2018\/03\/magaza-radyosu.jpg\" alt=\"\" width=\"574\" height=\"175\" srcset=\"https:\/\/vivamedya.com\/radyo\/wp-content\/uploads\/2018\/03\/magaza-radyosu.jpg 574w, https:\/\/vivamedya.com\/radyo\/wp-content\/uploads\/2018\/03\/magaza-radyosu-300x91.jpg 300w\" sizes=\"(max-width: 574px) 100vw, 574px\" \/><\/p><h2><strong>Ma\u011faza i\u00e7i M\u00fczik Yay\u0131n Sisteminin \u00d6nemi<\/strong><\/h2><p>Bir\u00e7ok ara\u015ft\u0131rman\u0131n sonucunda ma\u011fazalarda dekorasyon sonras\u0131nda m\u00fc\u015fterileri etkileyebilecek en \u00f6nemli fakt\u00f6r\u00fcn m\u00fczik oldu\u011fu kan\u0131tlanm\u0131\u015ft\u0131r. M\u00fczik \u00e7al\u0131nmayan bir ma\u011fazada m\u00fc\u015fterilerin \u00e7ok fazla zaman ge\u00e7irmedi\u011fi s\u00f6ylenebilir.<br \/>Ancak <strong>m\u00fczik yay\u0131n\u0131 ve anons yay\u0131n\u0131 yapan ma\u011fazalar\u0131<\/strong> ziyaret eden m\u00fc\u015fterilerin daha fazla zaman ge\u00e7irdi\u011fi ve de anonslar sayesinde kampanyalardan haberdar oldu\u011fu kesindir.<\/p>\t\t\t\t\t\t\t\t<\/div>\n\t\t\t\t<\/div>\n\t\t\t\t\t<\/div>\n\t\t<\/div>\n\t\t\t\t\t<\/div>\n\t\t<\/section>\n\t\t\t\t<\/div>\n\t\t","protected":false},"excerpt":{"rendered":"<p>M\u00fczik, t\u00fcm insanlar taraf\u0131ndan kullan\u0131lan ortak dildir. M\u00fczik s\u00f6zlerinde ve etnik k\u00fclt\u00fcr\u00fcnde farkl\u0131l\u0131klar olmas\u0131na ra\u011fmen, ayn\u0131 d\u00fc\u015f\u00fcncelerde insanlar\u0131 bir araya getirir. Firmalar, pazarlama ileti\u015fimi arac\u0131 olarak, insanlar \u00fczerindeki uzun s\u00fcreli m\u00fczi\u011fin g\u00fc\u00e7l\u00fc etkisini kullan\u0131yor. M\u00fczik, duyusal pazarlaman\u0131n en \u00f6nemli ara\u00e7lar\u0131ndan biridir. Bir\u00e7ok \u015firket, \u00f6zellikle de perakende sekt\u00f6r\u00fcnde faaliyet g\u00f6steren \u015firketler bilin\u00e7li olarak t\u00fcketicileri do\u011frudan etkilemek i\u00e7in m\u00fczik kullan\u0131yorlar. Ma\u011faza m\u00fczikleri ve ma\u011faza anonslar\u0131 m\u00fc\u015fterilerin beklentilerini ve taleplerini kar\u015f\u0131lamak i\u00e7in gerekli bir sistemdir. Ayr\u0131ca \u015firketler, \u00fcr\u00fcn ve fiyat a\u00e7\u0131s\u0131ndan \u00e7ok fazla fark yaratma \u015fans\u0131na sahip olmad\u0131\u011f\u0131ndan, benzersiz ma\u011faza atmosferi d\u0131\u015f\u0131nda ma\u011faza radyo sistemine ge\u00e7mek zorunda kal\u0131yorlar. Bu \u015fekilde m\u00fczik yay\u0131n\u0131 ve kampanya anonslar\u0131yla m\u00fc\u015fterilerinin beklentilerini kar\u015f\u0131layabiliyorlar. Ma\u011faza i\u00e7i M\u00fczik Yay\u0131n Sisteminin \u00d6nemi Bir\u00e7ok ara\u015ft\u0131rman\u0131n sonucunda ma\u011fazalarda dekorasyon sonras\u0131nda m\u00fc\u015fterileri etkileyebilecek en \u00f6nemli fakt\u00f6r\u00fcn m\u00fczik oldu\u011fu kan\u0131tlanm\u0131\u015ft\u0131r. M\u00fczik \u00e7al\u0131nmayan bir ma\u011fazada m\u00fc\u015fterilerin \u00e7ok fazla zaman ge\u00e7irmedi\u011fi s\u00f6ylenebilir.Ancak m\u00fczik yay\u0131n\u0131 ve anons yay\u0131n\u0131 yapan ma\u011fazalar\u0131 ziyaret eden m\u00fc\u015fterilerin daha fazla zaman ge\u00e7irdi\u011fi ve de anonslar sayesinde kampanyalardan haberdar oldu\u011fu kesindir.<\/p>\n","protected":false},"author":1,"featured_media":1552,"comment_status":"closed","ping_status":"open","sticky":false,"template":"","format":"standard","meta":{"h5ap_radio_sources":[],"footnotes":""},"categories":[1],"tags":[],"class_list":["post-56","post","type-post","status-publish","format-standard","has-post-thumbnail","hentry","category-viva-medya"],"yoast_head":"<!-- This site is optimized with the Yoast SEO plugin v26.9 - https:\/\/yoast.com\/product\/yoast-seo-wordpress\/ -->\n<title>Ma\u011fazada m\u00fczikler neden \u00f6nemli? - V\u0130VA MEDYA<\/title>\n<meta name=\"robots\" content=\"index, follow, max-snippet:-1, max-image-preview:large, max-video-preview:-1\" \/>\n<link rel=\"canonical\" href=\"https:\/\/vivamedya.com\/radyo\/magazada-muzikler-neden-onemli\/\" \/>\n<meta property=\"og:locale\" content=\"tr_TR\" \/>\n<meta property=\"og:type\" content=\"article\" \/>\n<meta property=\"og:title\" content=\"Ma\u011fazada m\u00fczikler neden \u00f6nemli? - V\u0130VA MEDYA\" \/>\n<meta property=\"og:description\" content=\"M\u00fczik, t\u00fcm insanlar taraf\u0131ndan kullan\u0131lan ortak dildir. M\u00fczik s\u00f6zlerinde ve etnik k\u00fclt\u00fcr\u00fcnde farkl\u0131l\u0131klar olmas\u0131na ra\u011fmen, ayn\u0131 d\u00fc\u015f\u00fcncelerde insanlar\u0131 bir araya getirir. Firmalar, pazarlama ileti\u015fimi arac\u0131 olarak, insanlar \u00fczerindeki uzun s\u00fcreli m\u00fczi\u011fin g\u00fc\u00e7l\u00fc etkisini kullan\u0131yor. M\u00fczik, duyusal pazarlaman\u0131n en \u00f6nemli ara\u00e7lar\u0131ndan biridir. Bir\u00e7ok \u015firket, \u00f6zellikle de perakende sekt\u00f6r\u00fcnde faaliyet g\u00f6steren \u015firketler bilin\u00e7li olarak t\u00fcketicileri do\u011frudan etkilemek i\u00e7in m\u00fczik kullan\u0131yorlar. Ma\u011faza m\u00fczikleri ve ma\u011faza anonslar\u0131 m\u00fc\u015fterilerin beklentilerini ve taleplerini kar\u015f\u0131lamak i\u00e7in gerekli bir sistemdir. Ayr\u0131ca \u015firketler, \u00fcr\u00fcn ve fiyat a\u00e7\u0131s\u0131ndan \u00e7ok fazla fark yaratma \u015fans\u0131na sahip olmad\u0131\u011f\u0131ndan, benzersiz ma\u011faza atmosferi d\u0131\u015f\u0131nda ma\u011faza radyo sistemine ge\u00e7mek zorunda kal\u0131yorlar. Bu \u015fekilde m\u00fczik yay\u0131n\u0131 ve kampanya anonslar\u0131yla m\u00fc\u015fterilerinin beklentilerini kar\u015f\u0131layabiliyorlar. Ma\u011faza i\u00e7i M\u00fczik Yay\u0131n Sisteminin \u00d6nemi Bir\u00e7ok ara\u015ft\u0131rman\u0131n sonucunda ma\u011fazalarda dekorasyon sonras\u0131nda m\u00fc\u015fterileri etkileyebilecek en \u00f6nemli fakt\u00f6r\u00fcn m\u00fczik oldu\u011fu kan\u0131tlanm\u0131\u015ft\u0131r. M\u00fczik \u00e7al\u0131nmayan bir ma\u011fazada m\u00fc\u015fterilerin \u00e7ok fazla zaman ge\u00e7irmedi\u011fi s\u00f6ylenebilir.Ancak m\u00fczik yay\u0131n\u0131 ve anons yay\u0131n\u0131 yapan ma\u011fazalar\u0131 ziyaret eden m\u00fc\u015fterilerin daha fazla zaman ge\u00e7irdi\u011fi ve de anonslar sayesinde kampanyalardan haberdar oldu\u011fu kesindir.\" \/>\n<meta property=\"og:url\" content=\"https:\/\/vivamedya.com\/radyo\/magazada-muzikler-neden-onemli\/\" \/>\n<meta property=\"og:site_name\" content=\"V\u0130VA MEDYA\" \/>\n<meta property=\"article:publisher\" content=\"https:\/\/www.facebook.com\/vivamedya\/\" \/>\n<meta property=\"article:published_time\" content=\"2018-02-28T22:02:34+00:00\" \/>\n<meta property=\"article:modified_time\" content=\"2026-04-18T21:25:20+00:00\" \/>\n<meta property=\"og:image\" content=\"https:\/\/vivamedya.com\/radyo\/wp-content\/uploads\/2018\/03\/magaza-radyosunda-muzik-neden-onemli.webp\" \/>\n\t<meta property=\"og:image:width\" content=\"900\" \/>\n\t<meta property=\"og:image:height\" content=\"600\" \/>\n\t<meta property=\"og:image:type\" content=\"image\/webp\" \/>\n<meta name=\"author\" content=\"vivamedya\" \/>\n<meta name=\"twitter:card\" content=\"summary_large_image\" \/>\n<meta name=\"twitter:label1\" content=\"Yazan:\" \/>\n\t<meta name=\"twitter:data1\" content=\"vivamedya\" \/>\n\t<meta name=\"twitter:label2\" content=\"Tahmini okuma s\u00fcresi\" \/>\n\t<meta name=\"twitter:data2\" content=\"2 dakika\" \/>\n<script type=\"application\/ld+json\" class=\"yoast-schema-graph\">{\"@context\":\"https:\/\/schema.org\",\"@graph\":[{\"@type\":\"Article\",\"@id\":\"https:\/\/vivamedya.com\/radyo\/magazada-muzikler-neden-onemli\/#article\",\"isPartOf\":{\"@id\":\"https:\/\/vivamedya.com\/radyo\/magazada-muzikler-neden-onemli\/\"},\"author\":{\"name\":\"vivamedya\",\"@id\":\"https:\/\/vivamedya.com\/radyo\/#\/schema\/person\/5ced6796171ba52ed46f6c466d197def\"},\"headline\":\"Ma\u011fazada m\u00fczikler neden \u00f6nemli?\",\"datePublished\":\"2018-02-28T22:02:34+00:00\",\"dateModified\":\"2026-04-18T21:25:20+00:00\",\"mainEntityOfPage\":{\"@id\":\"https:\/\/vivamedya.com\/radyo\/magazada-muzikler-neden-onemli\/\"},\"wordCount\":253,\"publisher\":{\"@id\":\"https:\/\/vivamedya.com\/radyo\/#organization\"},\"image\":{\"@id\":\"https:\/\/vivamedya.com\/radyo\/magazada-muzikler-neden-onemli\/#primaryimage\"},\"thumbnailUrl\":\"https:\/\/vivamedya.com\/radyo\/wp-content\/uploads\/2018\/03\/magaza-radyosunda-muzik-neden-onemli.webp\",\"articleSection\":[\"V\u0130VA MEDYA\"],\"inLanguage\":\"tr\"},{\"@type\":\"WebPage\",\"@id\":\"https:\/\/vivamedya.com\/radyo\/magazada-muzikler-neden-onemli\/\",\"url\":\"https:\/\/vivamedya.com\/radyo\/magazada-muzikler-neden-onemli\/\",\"name\":\"Ma\u011fazada m\u00fczikler neden \u00f6nemli? - V\u0130VA MEDYA\",\"isPartOf\":{\"@id\":\"https:\/\/vivamedya.com\/radyo\/#website\"},\"primaryImageOfPage\":{\"@id\":\"https:\/\/vivamedya.com\/radyo\/magazada-muzikler-neden-onemli\/#primaryimage\"},\"image\":{\"@id\":\"https:\/\/vivamedya.com\/radyo\/magazada-muzikler-neden-onemli\/#primaryimage\"},\"thumbnailUrl\":\"https:\/\/vivamedya.com\/radyo\/wp-content\/uploads\/2018\/03\/magaza-radyosunda-muzik-neden-onemli.webp\",\"datePublished\":\"2018-02-28T22:02:34+00:00\",\"dateModified\":\"2026-04-18T21:25:20+00:00\",\"breadcrumb\":{\"@id\":\"https:\/\/vivamedya.com\/radyo\/magazada-muzikler-neden-onemli\/#breadcrumb\"},\"inLanguage\":\"tr\",\"potentialAction\":[{\"@type\":\"ReadAction\",\"target\":[\"https:\/\/vivamedya.com\/radyo\/magazada-muzikler-neden-onemli\/\"]}]},{\"@type\":\"ImageObject\",\"inLanguage\":\"tr\",\"@id\":\"https:\/\/vivamedya.com\/radyo\/magazada-muzikler-neden-onemli\/#primaryimage\",\"url\":\"https:\/\/vivamedya.com\/radyo\/wp-content\/uploads\/2018\/03\/magaza-radyosunda-muzik-neden-onemli.webp\",\"contentUrl\":\"https:\/\/vivamedya.com\/radyo\/wp-content\/uploads\/2018\/03\/magaza-radyosunda-muzik-neden-onemli.webp\",\"width\":900,\"height\":600,\"caption\":\"magaza-radyosunda-muzik-neden-onemli\"},{\"@type\":\"BreadcrumbList\",\"@id\":\"https:\/\/vivamedya.com\/radyo\/magazada-muzikler-neden-onemli\/#breadcrumb\",\"itemListElement\":[{\"@type\":\"ListItem\",\"position\":1,\"name\":\"Anasayfa\",\"item\":\"https:\/\/vivamedya.com\/radyo\/\"},{\"@type\":\"ListItem\",\"position\":2,\"name\":\"Ma\u011fazada m\u00fczikler neden \u00f6nemli?\"}]},{\"@type\":\"WebSite\",\"@id\":\"https:\/\/vivamedya.com\/radyo\/#website\",\"url\":\"https:\/\/vivamedya.com\/radyo\/\",\"name\":\"V\u0130VA MEDYA - Corporate Radio | Store Radio | Store Music\",\"description\":\"Corporate Radio | Store Radio | Store Music\",\"publisher\":{\"@id\":\"https:\/\/vivamedya.com\/radyo\/#organization\"},\"potentialAction\":[{\"@type\":\"SearchAction\",\"target\":{\"@type\":\"EntryPoint\",\"urlTemplate\":\"https:\/\/vivamedya.com\/radyo\/?s={search_term_string}\"},\"query-input\":{\"@type\":\"PropertyValueSpecification\",\"valueRequired\":true,\"valueName\":\"search_term_string\"}}],\"inLanguage\":\"tr\"},{\"@type\":\"Organization\",\"@id\":\"https:\/\/vivamedya.com\/radyo\/#organization\",\"name\":\"V\u0130VA MEDYA - Kurumsal Radyo Yay\u0131n Hizmeti\",\"url\":\"https:\/\/vivamedya.com\/radyo\/\",\"logo\":{\"@type\":\"ImageObject\",\"inLanguage\":\"tr\",\"@id\":\"https:\/\/vivamedya.com\/radyo\/#\/schema\/logo\/image\/\",\"url\":\"https:\/\/vivamedya.com\/radyo\/wp-content\/uploads\/2020\/11\/viva-medya-logo.png\",\"contentUrl\":\"https:\/\/vivamedya.com\/radyo\/wp-content\/uploads\/2020\/11\/viva-medya-logo.png\",\"width\":301,\"height\":64,\"caption\":\"V\u0130VA MEDYA - Kurumsal Radyo Yay\u0131n Hizmeti\"},\"image\":{\"@id\":\"https:\/\/vivamedya.com\/radyo\/#\/schema\/logo\/image\/\"},\"sameAs\":[\"https:\/\/www.facebook.com\/vivamedya\/\",\"https:\/\/www.instagram.com\/viva_medya\/\"]},{\"@type\":\"Person\",\"@id\":\"https:\/\/vivamedya.com\/radyo\/#\/schema\/person\/5ced6796171ba52ed46f6c466d197def\",\"name\":\"vivamedya\"}]}<\/script>\n<!-- \/ Yoast SEO plugin. -->","yoast_head_json":{"title":"Ma\u011fazada m\u00fczikler neden \u00f6nemli? - V\u0130VA MEDYA","robots":{"index":"index","follow":"follow","max-snippet":"max-snippet:-1","max-image-preview":"max-image-preview:large","max-video-preview":"max-video-preview:-1"},"canonical":"https:\/\/vivamedya.com\/radyo\/magazada-muzikler-neden-onemli\/","og_locale":"tr_TR","og_type":"article","og_title":"Ma\u011fazada m\u00fczikler neden \u00f6nemli? - V\u0130VA MEDYA","og_description":"M\u00fczik, t\u00fcm insanlar taraf\u0131ndan kullan\u0131lan ortak dildir. M\u00fczik s\u00f6zlerinde ve etnik k\u00fclt\u00fcr\u00fcnde farkl\u0131l\u0131klar olmas\u0131na ra\u011fmen, ayn\u0131 d\u00fc\u015f\u00fcncelerde insanlar\u0131 bir araya getirir. Firmalar, pazarlama ileti\u015fimi arac\u0131 olarak, insanlar \u00fczerindeki uzun s\u00fcreli m\u00fczi\u011fin g\u00fc\u00e7l\u00fc etkisini kullan\u0131yor. M\u00fczik, duyusal pazarlaman\u0131n en \u00f6nemli ara\u00e7lar\u0131ndan biridir. Bir\u00e7ok \u015firket, \u00f6zellikle de perakende sekt\u00f6r\u00fcnde faaliyet g\u00f6steren \u015firketler bilin\u00e7li olarak t\u00fcketicileri do\u011frudan etkilemek i\u00e7in m\u00fczik kullan\u0131yorlar. Ma\u011faza m\u00fczikleri ve ma\u011faza anonslar\u0131 m\u00fc\u015fterilerin beklentilerini ve taleplerini kar\u015f\u0131lamak i\u00e7in gerekli bir sistemdir. Ayr\u0131ca \u015firketler, \u00fcr\u00fcn ve fiyat a\u00e7\u0131s\u0131ndan \u00e7ok fazla fark yaratma \u015fans\u0131na sahip olmad\u0131\u011f\u0131ndan, benzersiz ma\u011faza atmosferi d\u0131\u015f\u0131nda ma\u011faza radyo sistemine ge\u00e7mek zorunda kal\u0131yorlar. Bu \u015fekilde m\u00fczik yay\u0131n\u0131 ve kampanya anonslar\u0131yla m\u00fc\u015fterilerinin beklentilerini kar\u015f\u0131layabiliyorlar. Ma\u011faza i\u00e7i M\u00fczik Yay\u0131n Sisteminin \u00d6nemi Bir\u00e7ok ara\u015ft\u0131rman\u0131n sonucunda ma\u011fazalarda dekorasyon sonras\u0131nda m\u00fc\u015fterileri etkileyebilecek en \u00f6nemli fakt\u00f6r\u00fcn m\u00fczik oldu\u011fu kan\u0131tlanm\u0131\u015ft\u0131r. M\u00fczik \u00e7al\u0131nmayan bir ma\u011fazada m\u00fc\u015fterilerin \u00e7ok fazla zaman ge\u00e7irmedi\u011fi s\u00f6ylenebilir.Ancak m\u00fczik yay\u0131n\u0131 ve anons yay\u0131n\u0131 yapan ma\u011fazalar\u0131 ziyaret eden m\u00fc\u015fterilerin daha fazla zaman ge\u00e7irdi\u011fi ve de anonslar sayesinde kampanyalardan haberdar oldu\u011fu kesindir.","og_url":"https:\/\/vivamedya.com\/radyo\/magazada-muzikler-neden-onemli\/","og_site_name":"V\u0130VA MEDYA","article_publisher":"https:\/\/www.facebook.com\/vivamedya\/","article_published_time":"2018-02-28T22:02:34+00:00","article_modified_time":"2026-04-18T21:25:20+00:00","og_image":[{"width":900,"height":600,"url":"https:\/\/vivamedya.com\/radyo\/wp-content\/uploads\/2018\/03\/magaza-radyosunda-muzik-neden-onemli.webp","type":"image\/webp"}],"author":"vivamedya","twitter_card":"summary_large_image","twitter_misc":{"Yazan:":"vivamedya","Tahmini okuma s\u00fcresi":"2 dakika"},"schema":{"@context":"https:\/\/schema.org","@graph":[{"@type":"Article","@id":"https:\/\/vivamedya.com\/radyo\/magazada-muzikler-neden-onemli\/#article","isPartOf":{"@id":"https:\/\/vivamedya.com\/radyo\/magazada-muzikler-neden-onemli\/"},"author":{"name":"vivamedya","@id":"https:\/\/vivamedya.com\/radyo\/#\/schema\/person\/5ced6796171ba52ed46f6c466d197def"},"headline":"Ma\u011fazada m\u00fczikler neden \u00f6nemli?","datePublished":"2018-02-28T22:02:34+00:00","dateModified":"2026-04-18T21:25:20+00:00","mainEntityOfPage":{"@id":"https:\/\/vivamedya.com\/radyo\/magazada-muzikler-neden-onemli\/"},"wordCount":253,"publisher":{"@id":"https:\/\/vivamedya.com\/radyo\/#organization"},"image":{"@id":"https:\/\/vivamedya.com\/radyo\/magazada-muzikler-neden-onemli\/#primaryimage"},"thumbnailUrl":"https:\/\/vivamedya.com\/radyo\/wp-content\/uploads\/2018\/03\/magaza-radyosunda-muzik-neden-onemli.webp","articleSection":["V\u0130VA MEDYA"],"inLanguage":"tr"},{"@type":"WebPage","@id":"https:\/\/vivamedya.com\/radyo\/magazada-muzikler-neden-onemli\/","url":"https:\/\/vivamedya.com\/radyo\/magazada-muzikler-neden-onemli\/","name":"Ma\u011fazada m\u00fczikler neden \u00f6nemli? - V\u0130VA MEDYA","isPartOf":{"@id":"https:\/\/vivamedya.com\/radyo\/#website"},"primaryImageOfPage":{"@id":"https:\/\/vivamedya.com\/radyo\/magazada-muzikler-neden-onemli\/#primaryimage"},"image":{"@id":"https:\/\/vivamedya.com\/radyo\/magazada-muzikler-neden-onemli\/#primaryimage"},"thumbnailUrl":"https:\/\/vivamedya.com\/radyo\/wp-content\/uploads\/2018\/03\/magaza-radyosunda-muzik-neden-onemli.webp","datePublished":"2018-02-28T22:02:34+00:00","dateModified":"2026-04-18T21:25:20+00:00","breadcrumb":{"@id":"https:\/\/vivamedya.com\/radyo\/magazada-muzikler-neden-onemli\/#breadcrumb"},"inLanguage":"tr","potentialAction":[{"@type":"ReadAction","target":["https:\/\/vivamedya.com\/radyo\/magazada-muzikler-neden-onemli\/"]}]},{"@type":"ImageObject","inLanguage":"tr","@id":"https:\/\/vivamedya.com\/radyo\/magazada-muzikler-neden-onemli\/#primaryimage","url":"https:\/\/vivamedya.com\/radyo\/wp-content\/uploads\/2018\/03\/magaza-radyosunda-muzik-neden-onemli.webp","contentUrl":"https:\/\/vivamedya.com\/radyo\/wp-content\/uploads\/2018\/03\/magaza-radyosunda-muzik-neden-onemli.webp","width":900,"height":600,"caption":"magaza-radyosunda-muzik-neden-onemli"},{"@type":"BreadcrumbList","@id":"https:\/\/vivamedya.com\/radyo\/magazada-muzikler-neden-onemli\/#breadcrumb","itemListElement":[{"@type":"ListItem","position":1,"name":"Anasayfa","item":"https:\/\/vivamedya.com\/radyo\/"},{"@type":"ListItem","position":2,"name":"Ma\u011fazada m\u00fczikler neden \u00f6nemli?"}]},{"@type":"WebSite","@id":"https:\/\/vivamedya.com\/radyo\/#website","url":"https:\/\/vivamedya.com\/radyo\/","name":"V\u0130VA MEDYA - Corporate Radio | Store Radio | Store Music","description":"Corporate Radio | Store Radio | Store Music","publisher":{"@id":"https:\/\/vivamedya.com\/radyo\/#organization"},"potentialAction":[{"@type":"SearchAction","target":{"@type":"EntryPoint","urlTemplate":"https:\/\/vivamedya.com\/radyo\/?s={search_term_string}"},"query-input":{"@type":"PropertyValueSpecification","valueRequired":true,"valueName":"search_term_string"}}],"inLanguage":"tr"},{"@type":"Organization","@id":"https:\/\/vivamedya.com\/radyo\/#organization","name":"V\u0130VA MEDYA - Kurumsal Radyo Yay\u0131n Hizmeti","url":"https:\/\/vivamedya.com\/radyo\/","logo":{"@type":"ImageObject","inLanguage":"tr","@id":"https:\/\/vivamedya.com\/radyo\/#\/schema\/logo\/image\/","url":"https:\/\/vivamedya.com\/radyo\/wp-content\/uploads\/2020\/11\/viva-medya-logo.png","contentUrl":"https:\/\/vivamedya.com\/radyo\/wp-content\/uploads\/2020\/11\/viva-medya-logo.png","width":301,"height":64,"caption":"V\u0130VA MEDYA - Kurumsal Radyo Yay\u0131n Hizmeti"},"image":{"@id":"https:\/\/vivamedya.com\/radyo\/#\/schema\/logo\/image\/"},"sameAs":["https:\/\/www.facebook.com\/vivamedya\/","https:\/\/www.instagram.com\/viva_medya\/"]},{"@type":"Person","@id":"https:\/\/vivamedya.com\/radyo\/#\/schema\/person\/5ced6796171ba52ed46f6c466d197def","name":"vivamedya"}]}},"_links":{"self":[{"href":"https:\/\/vivamedya.com\/radyo\/wp-json\/wp\/v2\/posts\/56","targetHints":{"allow":["GET"]}}],"collection":[{"href":"https:\/\/vivamedya.com\/radyo\/wp-json\/wp\/v2\/posts"}],"about":[{"href":"https:\/\/vivamedya.com\/radyo\/wp-json\/wp\/v2\/types\/post"}],"author":[{"embeddable":true,"href":"https:\/\/vivamedya.com\/radyo\/wp-json\/wp\/v2\/users\/1"}],"replies":[{"embeddable":true,"href":"https:\/\/vivamedya.com\/radyo\/wp-json\/wp\/v2\/comments?post=56"}],"version-history":[{"count":6,"href":"https:\/\/vivamedya.com\/radyo\/wp-json\/wp\/v2\/posts\/56\/revisions"}],"predecessor-version":[{"id":3283,"href":"https:\/\/vivamedya.com\/radyo\/wp-json\/wp\/v2\/posts\/56\/revisions\/3283"}],"wp:featuredmedia":[{"embeddable":true,"href":"https:\/\/vivamedya.com\/radyo\/wp-json\/wp\/v2\/media\/1552"}],"wp:attachment":[{"href":"https:\/\/vivamedya.com\/radyo\/wp-json\/wp\/v2\/media?parent=56"}],"wp:term":[{"taxonomy":"category","embeddable":true,"href":"https:\/\/vivamedya.com\/radyo\/wp-json\/wp\/v2\/categories?post=56"},{"taxonomy":"post_tag","embeddable":true,"href":"https:\/\/vivamedya.com\/radyo\/wp-json\/wp\/v2\/tags?post=56"}],"curies":[{"name":"wp","href":"https:\/\/api.w.org\/{rel}","templated":true}]}}