{"id":67,"date":"2018-03-01T01:09:13","date_gmt":"2018-02-28T22:09:13","guid":{"rendered":"https:\/\/vivamedya.com\/radyo\/?p=67"},"modified":"2026-04-19T00:25:03","modified_gmt":"2026-04-18T21:25:03","slug":"kapali-devre-radyo-yayini","status":"publish","type":"post","link":"https:\/\/vivamedya.com\/radyo\/kapali-devre-radyo-yayini\/","title":{"rendered":"Kapal\u0131 devre radyo yay\u0131n\u0131"},"content":{"rendered":"\t\t<div data-elementor-type=\"wp-post\" data-elementor-id=\"67\" class=\"elementor elementor-67\">\n\t\t\t\t\t\t<section class=\"elementor-section elementor-top-section elementor-element elementor-element-391652f5 elementor-section-boxed elementor-section-height-default elementor-section-height-default wpr-particle-no wpr-jarallax-no wpr-parallax-no wpr-sticky-section-no\" data-id=\"391652f5\" data-element_type=\"section\" data-e-type=\"section\">\n\t\t\t\t\t\t<div class=\"elementor-container elementor-column-gap-default\">\n\t\t\t\t\t<div class=\"elementor-column elementor-col-100 elementor-top-column elementor-element elementor-element-1f86e14b\" data-id=\"1f86e14b\" data-element_type=\"column\" data-e-type=\"column\">\n\t\t\t<div class=\"elementor-widget-wrap elementor-element-populated\">\n\t\t\t\t\t\t<div class=\"elementor-element elementor-element-4c631a93 elementor-widget elementor-widget-text-editor\" data-id=\"4c631a93\" data-element_type=\"widget\" data-e-type=\"widget\" data-widget_type=\"text-editor.default\">\n\t\t\t\t<div class=\"elementor-widget-container\">\n\t\t\t\t\t\t\t\t\t<p><strong>Kapal\u0131 devre radyo yay\u0131n\u0131<\/strong> yani di\u011fer ad\u0131yla <strong>kurumsal radyo<\/strong> sistemi asl\u0131nda halk\u0131n bireysel olarak ula\u015famayaca\u011f\u0131 ancak t\u00fcketici olarak kendili\u011finden<br \/>i\u00e7inde bulundu\u011fu bir sistemdir. \u00c7\u00fcnk\u00fc Kapal\u0131 devre radyo yay\u0131n\u0131 dedi\u011fimiz sistem<strong> sadece ma\u011fazalar\u0131n kulland\u0131\u011f\u0131 bir m\u00fczik \u00e7alma sistemidir.<br \/><\/strong><br \/>Bu yay\u0131n ma\u011fazalar\u0131n duvarlar\u0131 ile s\u0131n\u0131rl\u0131d\u0131r. Genel olarak bir t\u00fcketici d\u0131\u015far\u0131dan o yay\u0131n\u0131 dinleyemez ve o radyo yay\u0131n\u0131n\u0131 dinlemek i\u00e7in \u00e7aba g\u00f6stermez.<br \/>O y\u00fczden <strong>m\u00fcziklerin lisanslama <\/strong>y\u00f6ntemi de ma\u011fazalar\u0131n m2 oran\u0131na ve \u015fube say\u0131na g\u00f6re hesaplan\u0131r.<\/p><p>Firmalar\u0131n art\u0131k ma\u011fazalar\u0131nda m\u00fczik \u00e7almak i\u00e7in CD\u2019ye ihtiya\u00e7 duymad\u0131klar\u0131n\u0131 biliyoruz. \u0130\u015fini ciddiye alan perakendeciler radyo otomasyon sistemini kullan\u0131yor. Bu sayede m\u00fczik yay\u0131n\u0131 bir yana radyolar\u0131nda kendi reklamlar\u0131n\u0131 da dinletebiliyorlar.<\/p><p>Her ne kadar baz\u0131 b\u00fcy\u00fck kurulu\u015flar ma\u011fazalar\u0131nda kulland\u0131klar\u0131 radyo sistemini internet \u00fczerinden halka a\u00e7sa da, g\u00fcn\u00fcm\u00fczde dijital m\u00fczik platformlar\u0131n\u0131n<br \/>geni\u015f olmas\u0131 sebebiyle t\u00fcketiciler eve gittiklerinde bir <strong>ma\u011fazan\u0131n radyosunu<\/strong> dinlemeyi tercih etmiyor. Ticari ama\u00e7 ile kullan\u0131lan bu sistemin tabi ki getirisi<br \/>g\u00f6z ard\u0131 edilemez. En b\u00fcy\u00fck avantaj\u0131n\u0131n \u015fube say\u0131s\u0131 \u00e7ok olan firmalar i\u00e7in senkronizasyon sa\u011flamas\u0131d\u0131r.<br \/>Bu bak\u0131mdan \u015funu s\u00f6yleyebiliriz;<br \/>&#8220;M\u00fczik bireysel olarak da, ticari olarak da bir gerekliliktir.&#8221;<\/p><div id=\"s3gt_translate_tooltip_mini\" class=\"s3gt_translate_tooltip_mini_box\" style=\"background: initial !important; border: initial !important; border-radius: initial !important; border-spacing: initial !important; border-collapse: initial !important; direction: ltr !important; flex-direction: initial !important; font-weight: initial !important; height: initial !important; letter-spacing: initial !important; min-width: initial !important; max-width: initial !important; min-height: initial !important; max-height: initial !important; margin: auto !important; outline: initial !important; padding: initial !important; position: absolute; table-layout: initial !important; text-align: initial !important; text-shadow: initial !important; width: initial !important; word-break: initial !important; word-spacing: initial !important; overflow-wrap: initial !important; box-sizing: initial !important; display: initial !important; color: inherit !important; font-size: 13px !important; font-family: X-LocaleSpecific, sans-serif, Tahoma, Helvetica !important; line-height: 13px !important; vertical-align: top !important; white-space: inherit !important; left: 337px; top: 222px; opacity: 0.8;\"><div id=\"s3gt_translate_tooltip_mini_logo\" class=\"s3gt_translate_tooltip_mini\" title=\"Translate selected text\">\u00a0<\/div><div id=\"s3gt_translate_tooltip_mini_sound\" class=\"s3gt_translate_tooltip_mini\" title=\"Play\">\u00a0<\/div><div id=\"s3gt_translate_tooltip_mini_copy\" class=\"s3gt_translate_tooltip_mini\" title=\"Copy text to Clipboard\">\u00a0<\/div><style type=\"text\/css\" media=\"print\">#s3gt_translate_tooltip_mini { display: none !important; }<\/style><\/div>\t\t\t\t\t\t\t\t<\/div>\n\t\t\t\t<\/div>\n\t\t\t\t\t<\/div>\n\t\t<\/div>\n\t\t\t\t\t<\/div>\n\t\t<\/section>\n\t\t\t\t<\/div>\n\t\t","protected":false},"excerpt":{"rendered":"<p>Kapal\u0131 devre radyo yay\u0131n\u0131 yani di\u011fer ad\u0131yla kurumsal radyo sistemi asl\u0131nda halk\u0131n bireysel olarak ula\u015famayaca\u011f\u0131 ancak t\u00fcketici olarak kendili\u011findeni\u00e7inde bulundu\u011fu bir sistemdir. \u00c7\u00fcnk\u00fc Kapal\u0131 devre radyo yay\u0131n\u0131 dedi\u011fimiz sistem sadece ma\u011fazalar\u0131n kulland\u0131\u011f\u0131 bir m\u00fczik \u00e7alma sistemidir.Bu yay\u0131n ma\u011fazalar\u0131n duvarlar\u0131 ile s\u0131n\u0131rl\u0131d\u0131r. Genel olarak bir t\u00fcketici d\u0131\u015far\u0131dan o yay\u0131n\u0131 dinleyemez ve o radyo yay\u0131n\u0131n\u0131 dinlemek i\u00e7in \u00e7aba g\u00f6stermez.O y\u00fczden m\u00fcziklerin lisanslama y\u00f6ntemi de ma\u011fazalar\u0131n m2 oran\u0131na ve \u015fube say\u0131na g\u00f6re hesaplan\u0131r. Firmalar\u0131n art\u0131k ma\u011fazalar\u0131nda m\u00fczik \u00e7almak i\u00e7in CD\u2019ye ihtiya\u00e7 duymad\u0131klar\u0131n\u0131 biliyoruz. \u0130\u015fini ciddiye alan perakendeciler radyo otomasyon sistemini kullan\u0131yor. Bu sayede m\u00fczik yay\u0131n\u0131 bir yana radyolar\u0131nda kendi reklamlar\u0131n\u0131 da dinletebiliyorlar. Her ne kadar baz\u0131 b\u00fcy\u00fck kurulu\u015flar ma\u011fazalar\u0131nda kulland\u0131klar\u0131 radyo sistemini internet \u00fczerinden halka a\u00e7sa da, g\u00fcn\u00fcm\u00fczde dijital m\u00fczik platformlar\u0131n\u0131ngeni\u015f olmas\u0131 sebebiyle t\u00fcketiciler eve gittiklerinde bir ma\u011fazan\u0131n radyosunu dinlemeyi tercih etmiyor. Ticari ama\u00e7 ile kullan\u0131lan bu sistemin tabi ki getirisig\u00f6z ard\u0131 edilemez. En b\u00fcy\u00fck avantaj\u0131n\u0131n \u015fube say\u0131s\u0131 \u00e7ok olan firmalar i\u00e7in senkronizasyon sa\u011flamas\u0131d\u0131r.Bu bak\u0131mdan \u015funu s\u00f6yleyebiliriz;&#8220;M\u00fczik bireysel olarak da, ticari olarak da bir gerekliliktir.&#8221; \u00a0\u00a0\u00a0<\/p>\n","protected":false},"author":1,"featured_media":1553,"comment_status":"closed","ping_status":"open","sticky":false,"template":"","format":"standard","meta":{"h5ap_radio_sources":[],"footnotes":""},"categories":[1],"tags":[],"class_list":["post-67","post","type-post","status-publish","format-standard","has-post-thumbnail","hentry","category-viva-medya"],"yoast_head":"<!-- This site is optimized with the Yoast SEO plugin v26.9 - https:\/\/yoast.com\/product\/yoast-seo-wordpress\/ -->\n<title>Kapal\u0131 devre radyo yay\u0131n\u0131 - V\u0130VA MEDYA<\/title>\n<meta name=\"robots\" content=\"index, follow, max-snippet:-1, max-image-preview:large, max-video-preview:-1\" \/>\n<link rel=\"canonical\" href=\"https:\/\/vivamedya.com\/radyo\/kapali-devre-radyo-yayini\/\" \/>\n<meta property=\"og:locale\" content=\"tr_TR\" \/>\n<meta property=\"og:type\" content=\"article\" \/>\n<meta property=\"og:title\" content=\"Kapal\u0131 devre radyo yay\u0131n\u0131 - V\u0130VA MEDYA\" \/>\n<meta property=\"og:description\" content=\"Kapal\u0131 devre radyo yay\u0131n\u0131 yani di\u011fer ad\u0131yla kurumsal radyo sistemi asl\u0131nda halk\u0131n bireysel olarak ula\u015famayaca\u011f\u0131 ancak t\u00fcketici olarak kendili\u011findeni\u00e7inde bulundu\u011fu bir sistemdir. \u00c7\u00fcnk\u00fc Kapal\u0131 devre radyo yay\u0131n\u0131 dedi\u011fimiz sistem sadece ma\u011fazalar\u0131n kulland\u0131\u011f\u0131 bir m\u00fczik \u00e7alma sistemidir.Bu yay\u0131n ma\u011fazalar\u0131n duvarlar\u0131 ile s\u0131n\u0131rl\u0131d\u0131r. Genel olarak bir t\u00fcketici d\u0131\u015far\u0131dan o yay\u0131n\u0131 dinleyemez ve o radyo yay\u0131n\u0131n\u0131 dinlemek i\u00e7in \u00e7aba g\u00f6stermez.O y\u00fczden m\u00fcziklerin lisanslama y\u00f6ntemi de ma\u011fazalar\u0131n m2 oran\u0131na ve \u015fube say\u0131na g\u00f6re hesaplan\u0131r. Firmalar\u0131n art\u0131k ma\u011fazalar\u0131nda m\u00fczik \u00e7almak i\u00e7in CD\u2019ye ihtiya\u00e7 duymad\u0131klar\u0131n\u0131 biliyoruz. \u0130\u015fini ciddiye alan perakendeciler radyo otomasyon sistemini kullan\u0131yor. Bu sayede m\u00fczik yay\u0131n\u0131 bir yana radyolar\u0131nda kendi reklamlar\u0131n\u0131 da dinletebiliyorlar. Her ne kadar baz\u0131 b\u00fcy\u00fck kurulu\u015flar ma\u011fazalar\u0131nda kulland\u0131klar\u0131 radyo sistemini internet \u00fczerinden halka a\u00e7sa da, g\u00fcn\u00fcm\u00fczde dijital m\u00fczik platformlar\u0131n\u0131ngeni\u015f olmas\u0131 sebebiyle t\u00fcketiciler eve gittiklerinde bir ma\u011fazan\u0131n radyosunu dinlemeyi tercih etmiyor. Ticari ama\u00e7 ile kullan\u0131lan bu sistemin tabi ki getirisig\u00f6z ard\u0131 edilemez. En b\u00fcy\u00fck avantaj\u0131n\u0131n \u015fube say\u0131s\u0131 \u00e7ok olan firmalar i\u00e7in senkronizasyon sa\u011flamas\u0131d\u0131r.Bu bak\u0131mdan \u015funu s\u00f6yleyebiliriz;&#8220;M\u00fczik bireysel olarak da, ticari olarak da bir gerekliliktir.&#8221; \u00a0\u00a0\u00a0\" \/>\n<meta property=\"og:url\" content=\"https:\/\/vivamedya.com\/radyo\/kapali-devre-radyo-yayini\/\" \/>\n<meta property=\"og:site_name\" content=\"V\u0130VA MEDYA\" \/>\n<meta property=\"article:publisher\" content=\"https:\/\/www.facebook.com\/vivamedya\/\" \/>\n<meta property=\"article:published_time\" content=\"2018-02-28T22:09:13+00:00\" \/>\n<meta property=\"article:modified_time\" content=\"2026-04-18T21:25:03+00:00\" \/>\n<meta property=\"og:image\" content=\"https:\/\/vivamedya.com\/radyo\/wp-content\/uploads\/2018\/03\/radyo-yayini.webp\" \/>\n\t<meta property=\"og:image:width\" content=\"900\" \/>\n\t<meta property=\"og:image:height\" content=\"600\" \/>\n\t<meta property=\"og:image:type\" content=\"image\/webp\" \/>\n<meta name=\"author\" content=\"vivamedya\" \/>\n<meta name=\"twitter:card\" content=\"summary_large_image\" \/>\n<meta name=\"twitter:label1\" content=\"Yazan:\" \/>\n\t<meta name=\"twitter:data1\" content=\"vivamedya\" \/>\n\t<meta name=\"twitter:label2\" content=\"Tahmini okuma s\u00fcresi\" \/>\n\t<meta name=\"twitter:data2\" content=\"2 dakika\" \/>\n<script type=\"application\/ld+json\" class=\"yoast-schema-graph\">{\"@context\":\"https:\/\/schema.org\",\"@graph\":[{\"@type\":\"Article\",\"@id\":\"https:\/\/vivamedya.com\/radyo\/kapali-devre-radyo-yayini\/#article\",\"isPartOf\":{\"@id\":\"https:\/\/vivamedya.com\/radyo\/kapali-devre-radyo-yayini\/\"},\"author\":{\"name\":\"vivamedya\",\"@id\":\"https:\/\/vivamedya.com\/radyo\/#\/schema\/person\/5ced6796171ba52ed46f6c466d197def\"},\"headline\":\"Kapal\u0131 devre radyo yay\u0131n\u0131\",\"datePublished\":\"2018-02-28T22:09:13+00:00\",\"dateModified\":\"2026-04-18T21:25:03+00:00\",\"mainEntityOfPage\":{\"@id\":\"https:\/\/vivamedya.com\/radyo\/kapali-devre-radyo-yayini\/\"},\"wordCount\":254,\"publisher\":{\"@id\":\"https:\/\/vivamedya.com\/radyo\/#organization\"},\"image\":{\"@id\":\"https:\/\/vivamedya.com\/radyo\/kapali-devre-radyo-yayini\/#primaryimage\"},\"thumbnailUrl\":\"https:\/\/vivamedya.com\/radyo\/wp-content\/uploads\/2018\/03\/radyo-yayini.webp\",\"articleSection\":[\"V\u0130VA MEDYA\"],\"inLanguage\":\"tr\"},{\"@type\":\"WebPage\",\"@id\":\"https:\/\/vivamedya.com\/radyo\/kapali-devre-radyo-yayini\/\",\"url\":\"https:\/\/vivamedya.com\/radyo\/kapali-devre-radyo-yayini\/\",\"name\":\"Kapal\u0131 devre radyo yay\u0131n\u0131 - V\u0130VA MEDYA\",\"isPartOf\":{\"@id\":\"https:\/\/vivamedya.com\/radyo\/#website\"},\"primaryImageOfPage\":{\"@id\":\"https:\/\/vivamedya.com\/radyo\/kapali-devre-radyo-yayini\/#primaryimage\"},\"image\":{\"@id\":\"https:\/\/vivamedya.com\/radyo\/kapali-devre-radyo-yayini\/#primaryimage\"},\"thumbnailUrl\":\"https:\/\/vivamedya.com\/radyo\/wp-content\/uploads\/2018\/03\/radyo-yayini.webp\",\"datePublished\":\"2018-02-28T22:09:13+00:00\",\"dateModified\":\"2026-04-18T21:25:03+00:00\",\"breadcrumb\":{\"@id\":\"https:\/\/vivamedya.com\/radyo\/kapali-devre-radyo-yayini\/#breadcrumb\"},\"inLanguage\":\"tr\",\"potentialAction\":[{\"@type\":\"ReadAction\",\"target\":[\"https:\/\/vivamedya.com\/radyo\/kapali-devre-radyo-yayini\/\"]}]},{\"@type\":\"ImageObject\",\"inLanguage\":\"tr\",\"@id\":\"https:\/\/vivamedya.com\/radyo\/kapali-devre-radyo-yayini\/#primaryimage\",\"url\":\"https:\/\/vivamedya.com\/radyo\/wp-content\/uploads\/2018\/03\/radyo-yayini.webp\",\"contentUrl\":\"https:\/\/vivamedya.com\/radyo\/wp-content\/uploads\/2018\/03\/radyo-yayini.webp\",\"width\":900,\"height\":600,\"caption\":\"radyo-yayini\"},{\"@type\":\"BreadcrumbList\",\"@id\":\"https:\/\/vivamedya.com\/radyo\/kapali-devre-radyo-yayini\/#breadcrumb\",\"itemListElement\":[{\"@type\":\"ListItem\",\"position\":1,\"name\":\"Anasayfa\",\"item\":\"https:\/\/vivamedya.com\/radyo\/\"},{\"@type\":\"ListItem\",\"position\":2,\"name\":\"Kapal\u0131 devre radyo yay\u0131n\u0131\"}]},{\"@type\":\"WebSite\",\"@id\":\"https:\/\/vivamedya.com\/radyo\/#website\",\"url\":\"https:\/\/vivamedya.com\/radyo\/\",\"name\":\"V\u0130VA MEDYA - Corporate Radio | Store Radio | Store Music\",\"description\":\"Corporate Radio | Store Radio | Store Music\",\"publisher\":{\"@id\":\"https:\/\/vivamedya.com\/radyo\/#organization\"},\"potentialAction\":[{\"@type\":\"SearchAction\",\"target\":{\"@type\":\"EntryPoint\",\"urlTemplate\":\"https:\/\/vivamedya.com\/radyo\/?s={search_term_string}\"},\"query-input\":{\"@type\":\"PropertyValueSpecification\",\"valueRequired\":true,\"valueName\":\"search_term_string\"}}],\"inLanguage\":\"tr\"},{\"@type\":\"Organization\",\"@id\":\"https:\/\/vivamedya.com\/radyo\/#organization\",\"name\":\"V\u0130VA MEDYA - Kurumsal Radyo Yay\u0131n Hizmeti\",\"url\":\"https:\/\/vivamedya.com\/radyo\/\",\"logo\":{\"@type\":\"ImageObject\",\"inLanguage\":\"tr\",\"@id\":\"https:\/\/vivamedya.com\/radyo\/#\/schema\/logo\/image\/\",\"url\":\"https:\/\/vivamedya.com\/radyo\/wp-content\/uploads\/2020\/11\/viva-medya-logo.png\",\"contentUrl\":\"https:\/\/vivamedya.com\/radyo\/wp-content\/uploads\/2020\/11\/viva-medya-logo.png\",\"width\":301,\"height\":64,\"caption\":\"V\u0130VA MEDYA - Kurumsal Radyo Yay\u0131n Hizmeti\"},\"image\":{\"@id\":\"https:\/\/vivamedya.com\/radyo\/#\/schema\/logo\/image\/\"},\"sameAs\":[\"https:\/\/www.facebook.com\/vivamedya\/\",\"https:\/\/www.instagram.com\/viva_medya\/\"]},{\"@type\":\"Person\",\"@id\":\"https:\/\/vivamedya.com\/radyo\/#\/schema\/person\/5ced6796171ba52ed46f6c466d197def\",\"name\":\"vivamedya\"}]}<\/script>\n<!-- \/ Yoast SEO plugin. -->","yoast_head_json":{"title":"Kapal\u0131 devre radyo yay\u0131n\u0131 - V\u0130VA MEDYA","robots":{"index":"index","follow":"follow","max-snippet":"max-snippet:-1","max-image-preview":"max-image-preview:large","max-video-preview":"max-video-preview:-1"},"canonical":"https:\/\/vivamedya.com\/radyo\/kapali-devre-radyo-yayini\/","og_locale":"tr_TR","og_type":"article","og_title":"Kapal\u0131 devre radyo yay\u0131n\u0131 - V\u0130VA MEDYA","og_description":"Kapal\u0131 devre radyo yay\u0131n\u0131 yani di\u011fer ad\u0131yla kurumsal radyo sistemi asl\u0131nda halk\u0131n bireysel olarak ula\u015famayaca\u011f\u0131 ancak t\u00fcketici olarak kendili\u011findeni\u00e7inde bulundu\u011fu bir sistemdir. \u00c7\u00fcnk\u00fc Kapal\u0131 devre radyo yay\u0131n\u0131 dedi\u011fimiz sistem sadece ma\u011fazalar\u0131n kulland\u0131\u011f\u0131 bir m\u00fczik \u00e7alma sistemidir.Bu yay\u0131n ma\u011fazalar\u0131n duvarlar\u0131 ile s\u0131n\u0131rl\u0131d\u0131r. Genel olarak bir t\u00fcketici d\u0131\u015far\u0131dan o yay\u0131n\u0131 dinleyemez ve o radyo yay\u0131n\u0131n\u0131 dinlemek i\u00e7in \u00e7aba g\u00f6stermez.O y\u00fczden m\u00fcziklerin lisanslama y\u00f6ntemi de ma\u011fazalar\u0131n m2 oran\u0131na ve \u015fube say\u0131na g\u00f6re hesaplan\u0131r. Firmalar\u0131n art\u0131k ma\u011fazalar\u0131nda m\u00fczik \u00e7almak i\u00e7in CD\u2019ye ihtiya\u00e7 duymad\u0131klar\u0131n\u0131 biliyoruz. \u0130\u015fini ciddiye alan perakendeciler radyo otomasyon sistemini kullan\u0131yor. Bu sayede m\u00fczik yay\u0131n\u0131 bir yana radyolar\u0131nda kendi reklamlar\u0131n\u0131 da dinletebiliyorlar. Her ne kadar baz\u0131 b\u00fcy\u00fck kurulu\u015flar ma\u011fazalar\u0131nda kulland\u0131klar\u0131 radyo sistemini internet \u00fczerinden halka a\u00e7sa da, g\u00fcn\u00fcm\u00fczde dijital m\u00fczik platformlar\u0131n\u0131ngeni\u015f olmas\u0131 sebebiyle t\u00fcketiciler eve gittiklerinde bir ma\u011fazan\u0131n radyosunu dinlemeyi tercih etmiyor. Ticari ama\u00e7 ile kullan\u0131lan bu sistemin tabi ki getirisig\u00f6z ard\u0131 edilemez. En b\u00fcy\u00fck avantaj\u0131n\u0131n \u015fube say\u0131s\u0131 \u00e7ok olan firmalar i\u00e7in senkronizasyon sa\u011flamas\u0131d\u0131r.Bu bak\u0131mdan \u015funu s\u00f6yleyebiliriz;&#8220;M\u00fczik bireysel olarak da, ticari olarak da bir gerekliliktir.&#8221; \u00a0\u00a0\u00a0","og_url":"https:\/\/vivamedya.com\/radyo\/kapali-devre-radyo-yayini\/","og_site_name":"V\u0130VA MEDYA","article_publisher":"https:\/\/www.facebook.com\/vivamedya\/","article_published_time":"2018-02-28T22:09:13+00:00","article_modified_time":"2026-04-18T21:25:03+00:00","og_image":[{"width":900,"height":600,"url":"https:\/\/vivamedya.com\/radyo\/wp-content\/uploads\/2018\/03\/radyo-yayini.webp","type":"image\/webp"}],"author":"vivamedya","twitter_card":"summary_large_image","twitter_misc":{"Yazan:":"vivamedya","Tahmini okuma s\u00fcresi":"2 dakika"},"schema":{"@context":"https:\/\/schema.org","@graph":[{"@type":"Article","@id":"https:\/\/vivamedya.com\/radyo\/kapali-devre-radyo-yayini\/#article","isPartOf":{"@id":"https:\/\/vivamedya.com\/radyo\/kapali-devre-radyo-yayini\/"},"author":{"name":"vivamedya","@id":"https:\/\/vivamedya.com\/radyo\/#\/schema\/person\/5ced6796171ba52ed46f6c466d197def"},"headline":"Kapal\u0131 devre radyo yay\u0131n\u0131","datePublished":"2018-02-28T22:09:13+00:00","dateModified":"2026-04-18T21:25:03+00:00","mainEntityOfPage":{"@id":"https:\/\/vivamedya.com\/radyo\/kapali-devre-radyo-yayini\/"},"wordCount":254,"publisher":{"@id":"https:\/\/vivamedya.com\/radyo\/#organization"},"image":{"@id":"https:\/\/vivamedya.com\/radyo\/kapali-devre-radyo-yayini\/#primaryimage"},"thumbnailUrl":"https:\/\/vivamedya.com\/radyo\/wp-content\/uploads\/2018\/03\/radyo-yayini.webp","articleSection":["V\u0130VA MEDYA"],"inLanguage":"tr"},{"@type":"WebPage","@id":"https:\/\/vivamedya.com\/radyo\/kapali-devre-radyo-yayini\/","url":"https:\/\/vivamedya.com\/radyo\/kapali-devre-radyo-yayini\/","name":"Kapal\u0131 devre radyo yay\u0131n\u0131 - V\u0130VA MEDYA","isPartOf":{"@id":"https:\/\/vivamedya.com\/radyo\/#website"},"primaryImageOfPage":{"@id":"https:\/\/vivamedya.com\/radyo\/kapali-devre-radyo-yayini\/#primaryimage"},"image":{"@id":"https:\/\/vivamedya.com\/radyo\/kapali-devre-radyo-yayini\/#primaryimage"},"thumbnailUrl":"https:\/\/vivamedya.com\/radyo\/wp-content\/uploads\/2018\/03\/radyo-yayini.webp","datePublished":"2018-02-28T22:09:13+00:00","dateModified":"2026-04-18T21:25:03+00:00","breadcrumb":{"@id":"https:\/\/vivamedya.com\/radyo\/kapali-devre-radyo-yayini\/#breadcrumb"},"inLanguage":"tr","potentialAction":[{"@type":"ReadAction","target":["https:\/\/vivamedya.com\/radyo\/kapali-devre-radyo-yayini\/"]}]},{"@type":"ImageObject","inLanguage":"tr","@id":"https:\/\/vivamedya.com\/radyo\/kapali-devre-radyo-yayini\/#primaryimage","url":"https:\/\/vivamedya.com\/radyo\/wp-content\/uploads\/2018\/03\/radyo-yayini.webp","contentUrl":"https:\/\/vivamedya.com\/radyo\/wp-content\/uploads\/2018\/03\/radyo-yayini.webp","width":900,"height":600,"caption":"radyo-yayini"},{"@type":"BreadcrumbList","@id":"https:\/\/vivamedya.com\/radyo\/kapali-devre-radyo-yayini\/#breadcrumb","itemListElement":[{"@type":"ListItem","position":1,"name":"Anasayfa","item":"https:\/\/vivamedya.com\/radyo\/"},{"@type":"ListItem","position":2,"name":"Kapal\u0131 devre radyo yay\u0131n\u0131"}]},{"@type":"WebSite","@id":"https:\/\/vivamedya.com\/radyo\/#website","url":"https:\/\/vivamedya.com\/radyo\/","name":"V\u0130VA MEDYA - Corporate Radio | Store Radio | Store Music","description":"Corporate Radio | Store Radio | Store Music","publisher":{"@id":"https:\/\/vivamedya.com\/radyo\/#organization"},"potentialAction":[{"@type":"SearchAction","target":{"@type":"EntryPoint","urlTemplate":"https:\/\/vivamedya.com\/radyo\/?s={search_term_string}"},"query-input":{"@type":"PropertyValueSpecification","valueRequired":true,"valueName":"search_term_string"}}],"inLanguage":"tr"},{"@type":"Organization","@id":"https:\/\/vivamedya.com\/radyo\/#organization","name":"V\u0130VA MEDYA - Kurumsal Radyo Yay\u0131n Hizmeti","url":"https:\/\/vivamedya.com\/radyo\/","logo":{"@type":"ImageObject","inLanguage":"tr","@id":"https:\/\/vivamedya.com\/radyo\/#\/schema\/logo\/image\/","url":"https:\/\/vivamedya.com\/radyo\/wp-content\/uploads\/2020\/11\/viva-medya-logo.png","contentUrl":"https:\/\/vivamedya.com\/radyo\/wp-content\/uploads\/2020\/11\/viva-medya-logo.png","width":301,"height":64,"caption":"V\u0130VA MEDYA - Kurumsal Radyo Yay\u0131n Hizmeti"},"image":{"@id":"https:\/\/vivamedya.com\/radyo\/#\/schema\/logo\/image\/"},"sameAs":["https:\/\/www.facebook.com\/vivamedya\/","https:\/\/www.instagram.com\/viva_medya\/"]},{"@type":"Person","@id":"https:\/\/vivamedya.com\/radyo\/#\/schema\/person\/5ced6796171ba52ed46f6c466d197def","name":"vivamedya"}]}},"_links":{"self":[{"href":"https:\/\/vivamedya.com\/radyo\/wp-json\/wp\/v2\/posts\/67","targetHints":{"allow":["GET"]}}],"collection":[{"href":"https:\/\/vivamedya.com\/radyo\/wp-json\/wp\/v2\/posts"}],"about":[{"href":"https:\/\/vivamedya.com\/radyo\/wp-json\/wp\/v2\/types\/post"}],"author":[{"embeddable":true,"href":"https:\/\/vivamedya.com\/radyo\/wp-json\/wp\/v2\/users\/1"}],"replies":[{"embeddable":true,"href":"https:\/\/vivamedya.com\/radyo\/wp-json\/wp\/v2\/comments?post=67"}],"version-history":[{"count":6,"href":"https:\/\/vivamedya.com\/radyo\/wp-json\/wp\/v2\/posts\/67\/revisions"}],"predecessor-version":[{"id":3280,"href":"https:\/\/vivamedya.com\/radyo\/wp-json\/wp\/v2\/posts\/67\/revisions\/3280"}],"wp:featuredmedia":[{"embeddable":true,"href":"https:\/\/vivamedya.com\/radyo\/wp-json\/wp\/v2\/media\/1553"}],"wp:attachment":[{"href":"https:\/\/vivamedya.com\/radyo\/wp-json\/wp\/v2\/media?parent=67"}],"wp:term":[{"taxonomy":"category","embeddable":true,"href":"https:\/\/vivamedya.com\/radyo\/wp-json\/wp\/v2\/categories?post=67"},{"taxonomy":"post_tag","embeddable":true,"href":"https:\/\/vivamedya.com\/radyo\/wp-json\/wp\/v2\/tags?post=67"}],"curies":[{"name":"wp","href":"https:\/\/api.w.org\/{rel}","templated":true}]}}